{"id":5740,"date":"2024-01-31T17:42:42","date_gmt":"2024-01-31T17:42:42","guid":{"rendered":"https:\/\/peruadventuretrek.com\/blog\/?p=5740"},"modified":"2024-01-31T18:01:01","modified_gmt":"2024-01-31T18:01:01","slug":"inti-raymi","status":"publish","type":"post","link":"https:\/\/peruadventuretrek.com\/blog\/inti-raymi\/","title":{"rendered":"Inti Raymi \u2013 La Fiesta del dios Sol"},"content":{"rendered":"<p>El\u00a0<a href=\"https:\/\/peruadventuretrek.com\/inti-raymi-fiesta-del-sol-1-dia-2023\/\"><strong>Inti Raymi<\/strong>\u00a0<\/a>o\u00a0<strong>Fiesta del Sol<\/strong>, era la festividad m\u00e1s importante del imperio Inca y se celebra cada 24 de junio en la ciudad del Cusco. Estaba dedicada al dios sol Inti e inclu\u00eda banquetes, bailes, m\u00fasica y sacrificios de animales para agradecer por la cosecha del a\u00f1o y pedir su bendici\u00f3n en el\u00a0pr\u00f3ximo. \u00bfPero, sab\u00edas que alguna vez fue prohibida por ser considerada \u201cpagana\u201d? Actualmente, esta festividad re\u00fane a cientos de personas entre artistas y turistas de todo el mundo.<\/p>\n<p>Conoce aqu\u00ed todos los detalles sobre el <a href=\"https:\/\/peruadventuretrek.com\/inti-raymi-fiesta-del-sol-1-dia-2023\/\">Inti Raymi<\/a>.<span id=\"ctrlcopy\"><\/span><\/p>\n\n<h2 id=\"\u00bfqu\u00e9-es-el-inti-raymi?\">\u00bfQu\u00e9 es el Inti Raymi?<\/h2>\n<p>El Inti Raymi, o Fiesta del Sol, fue la mayor y m\u00e1s importante\u00a0festividad durante el Imperio Inca. Se trataba de una celebraci\u00f3n religiosa dedicada al\u00a0<strong>dios Sol<\/strong>,\u00a0<strong>Inti<\/strong>, la deidad m\u00e1s venerada de la religi\u00f3n inca. La ceremonia principal se realizaba durante el solsticio de invierno para marcar el comienzo del a\u00f1o en el mundo andino.<\/p>\n<p>Seg\u00fan la tradici\u00f3n inca, el Inti Raymi fue creado por el Inca Pachacutec en 1430 a.C. para celebrar el primer d\u00eda del A\u00f1o Nuevo en el calendario inca. Hoy en d\u00eda, el Inti Raymi se celebra cada 24 de junio en Cusco, la antigua capital del Imperio Inca. La actual ceremonia es representada por una\u00a0<strong>puesta en escena<\/strong>, donde participan cientos de artistas ataviados con coloridos trajes para emular la \u00e9poca inca.<\/p>\n<p><strong>\u00bf<a href=\"https:\/\/peruadventuretrek.com\/inti-raymi-fiesta-del-sol-1-dia-2023\/\">Por qu\u00e9 el 24 de junio<\/a>?<\/strong>\u00a0&#8211; Este es el d\u00eda m\u00e1s corto del a\u00f1o y el comienzo del solsticio de invierno en el hemisferio sur. Este d\u00eda, el Sol est\u00e1 m\u00e1s alejado de la Tierra por lo que, seg\u00fan las teor\u00edas, los Incas lo celebraban para implorar el regreso del sol y tener d\u00edas m\u00e1s duraderos.<\/p>\n<p><span id=\"ctrlcopy\"><br \/>\n<img data-recalc-dims=\"1\" loading=\"lazy\" decoding=\"async\" class=\"alignnone wp-image-5742 size-full\" src=\"https:\/\/i0.wp.com\/peruadventuretrek.com\/blog\/wp-content\/uploads\/2024\/01\/inti-raymi-festival_0.webp?resize=1280%2C720&#038;ssl=1\" alt=\"\" width=\"1280\" height=\"720\" srcset=\"https:\/\/i0.wp.com\/peruadventuretrek.com\/blog\/wp-content\/uploads\/2024\/01\/inti-raymi-festival_0.webp?w=1280&amp;ssl=1 1280w, https:\/\/i0.wp.com\/peruadventuretrek.com\/blog\/wp-content\/uploads\/2024\/01\/inti-raymi-festival_0.webp?resize=300%2C169&amp;ssl=1 300w, https:\/\/i0.wp.com\/peruadventuretrek.com\/blog\/wp-content\/uploads\/2024\/01\/inti-raymi-festival_0.webp?resize=1024%2C576&amp;ssl=1 1024w, https:\/\/i0.wp.com\/peruadventuretrek.com\/blog\/wp-content\/uploads\/2024\/01\/inti-raymi-festival_0.webp?resize=768%2C432&amp;ssl=1 768w\" sizes=\"auto, (max-width: 1000px) 100vw, 1000px\" \/><\/span><\/p>\n<p>Aproximadamente 25,000 personas, entre actores, bailarines y m\u00fasicos, t\u00edpicamente bien vestidos, realizan diferentes actividades fuera del complejo de Coricancha, Sacsayhuaman y en la Plaza de Armas de la ciudad del\u00a0<strong><a title=\"Cusco\" href=\"https:\/\/www.peru.travel\/es\/destinos\/cusco\" target=\"_blank\" rel=\"noopener\">Cusco<\/a><\/strong>.<\/p>\n<p>Se pronuncian muchos discursos durante el festival; todos en Quechua o Runa Simi, la lengua de los Incas. El quechua era la lengua m\u00e1s hablada y extendida en el Imperio. Hoy es uno de los tres idiomas oficiales del Per\u00fa.<\/p>\n<p class=\"text-align-right\">| Conoce m\u00e1s acerca del\u00a0<strong>Lenguaje de los <\/strong><strong>Incas<\/strong><\/p>\n<h2 id=\"inti-raymi-en-la-\u00e9poca-de-los-incas\">Inti Raymi en la \u00e9poca de los Incas:<\/h2>\n<p>Seg\u00fan los cronistas, en tiempos de los Incas miles de personas se reun\u00edan en Haukaypata (la actual Plaza de Armas) la noche previa a la celebraci\u00f3n para esperar la aparici\u00f3n del Dios Inti. Cuando el dios ascend\u00eda entre las monta\u00f1as, los pobladores agradec\u00edan por el pr\u00f3spero nuevo a\u00f1o de cosecha. El Sapa Inca, los nobles y los sacerdotes se reun\u00edan para presenciar un desfile. Las momias ancestrales envueltas en telas tambi\u00e9n eran tra\u00eddas de templos y santuarios.<\/p>\n<p>El festival, que fue instaurado por el Inca Pachacuti, tend\u00eda una duraci\u00f3n de 15 d\u00edas y se realizaba desde el amanecer hasta el anochecer. Se sacrificar\u00edan muchas llamas negras, las cuales eran cortadas con un cuchillo ceremonial conocido como Tumi, sus \u00f3rganos observados para predecir el futuro y luego incinerados. La mujer estaban representada por la figura de la Coya y por las llamadas \u00abAcllas\u00bb, quienes realizaban una serie de rituales para acompa\u00f1ar la ceremonia.<\/p>\n<p>Tras la conquista espa\u00f1ola, el Inti Raymi fue prohibido por el virrey espa\u00f1ol Francisco de Toledo por considerarla una ceremonia pagana y contraria a la fe cat\u00f3lica. Sin embargo, \u00e9sta continu\u00f3 secretamente, informaci\u00f3n que hoy conocemos gracias al escritor Garcilaso de la Vega. No fue hasta\u00a0<strong>1944<\/strong>, en que Faustino Espinoza Navarro recuper\u00f3 este tradicional evento y realiz\u00f3 una reconstrucci\u00f3n hist\u00f3rica. Desde esa fecha, la fiesta ha vuelto a ser p\u00fablica y atrae a miles de turistas cada a\u00f1o.<span id=\"ctrlcopy\"><\/span><\/p>\n<div class=\"mceTemp\"><\/div>\n<div class=\"tiled-gallery type-rectangular tiled-gallery-unresized\" data-original-width=\"500\" data-carousel-extra='null' itemscope itemtype=\"http:\/\/schema.org\/ImageGallery\" > <div class=\"gallery-row\" style=\"width: 500px; height: 332px;\" data-original-width=\"500\" data-original-height=\"332\" > <div class=\"gallery-group images-1\" style=\"width: 256px; height: 332px;\" data-original-width=\"256\" data-original-height=\"332\" > <div class=\"tiled-gallery-item tiled-gallery-item-large\" itemprop=\"associatedMedia\" itemscope itemtype=\"http:\/\/schema.org\/ImageObject\"> <a href=\"https:\/\/peruadventuretrek.com\/blog\/inti-raymi\/momia-inca-guaman-poma-de-ayala\/\" border=\"0\" itemprop=\"url\"> <meta itemprop=\"width\" content=\"252\"> <meta itemprop=\"height\" content=\"328\"> <img decoding=\"async\" class=\"\" data-attachment-id=\"5744\" data-orig-file=\"https:\/\/peruadventuretrek.com\/blog\/wp-content\/uploads\/2024\/01\/momia-inca-guaman-poma-de-ayala.webp\" data-orig-size=\"672,875\" data-comments-opened=\"1\" data-image-meta=\"{&quot;aperture&quot;:&quot;0&quot;,&quot;credit&quot;:&quot;&quot;,&quot;camera&quot;:&quot;&quot;,&quot;caption&quot;:&quot;&quot;,&quot;created_timestamp&quot;:&quot;0&quot;,&quot;copyright&quot;:&quot;&quot;,&quot;focal_length&quot;:&quot;0&quot;,&quot;iso&quot;:&quot;0&quot;,&quot;shutter_speed&quot;:&quot;0&quot;,&quot;title&quot;:&quot;&quot;,&quot;orientation&quot;:&quot;0&quot;}\" data-image-title=\"momia-inca-guaman-poma-de-ayala\" data-image-description=\"\" data-medium-file=\"https:\/\/i0.wp.com\/peruadventuretrek.com\/blog\/wp-content\/uploads\/2024\/01\/momia-inca-guaman-poma-de-ayala.webp?fit=230%2C300&#038;ssl=1\" data-large-file=\"https:\/\/i0.wp.com\/peruadventuretrek.com\/blog\/wp-content\/uploads\/2024\/01\/momia-inca-guaman-poma-de-ayala.webp?fit=672%2C875&#038;ssl=1\" src=\"https:\/\/i0.wp.com\/peruadventuretrek.com\/blog\/wp-content\/uploads\/2024\/01\/momia-inca-guaman-poma-de-ayala.webp?w=252&#038;h=328&#038;ssl=1\" srcset=\"https:\/\/i0.wp.com\/peruadventuretrek.com\/blog\/wp-content\/uploads\/2024\/01\/momia-inca-guaman-poma-de-ayala.webp?w=672&amp;ssl=1 672w, https:\/\/i0.wp.com\/peruadventuretrek.com\/blog\/wp-content\/uploads\/2024\/01\/momia-inca-guaman-poma-de-ayala.webp?resize=230%2C300&amp;ssl=1 230w\" width=\"252\" height=\"328\" loading=\"lazy\" data-original-width=\"252\" data-original-height=\"328\" itemprop=\"http:\/\/schema.org\/image\" title=\"momia-inca-guaman-poma-de-ayala\" alt=\"Procesi\u00f3n de las momias. Imagen: Cr\u00f3nicas de Guaman Poma\" style=\"width: 252px; height: 328px;\" \/> <\/a> <div class=\"tiled-gallery-caption\" itemprop=\"caption description\"> Procesi\u00f3n de las momias. Imagen: Cr\u00f3nicas de Guaman Poma <\/div> <\/div> <\/div> <!-- close group --> <div class=\"gallery-group images-1\" style=\"width: 244px; height: 332px;\" data-original-width=\"244\" data-original-height=\"332\" > <div class=\"tiled-gallery-item tiled-gallery-item-small\" itemprop=\"associatedMedia\" itemscope itemtype=\"http:\/\/schema.org\/ImageObject\"> <a href=\"https:\/\/peruadventuretrek.com\/blog\/inti-raymi\/inti-raymi-trexperience\/\" border=\"0\" itemprop=\"url\"> <meta itemprop=\"width\" content=\"240\"> <meta itemprop=\"height\" content=\"328\"> <img decoding=\"async\" class=\"\" data-attachment-id=\"5743\" data-orig-file=\"https:\/\/peruadventuretrek.com\/blog\/wp-content\/uploads\/2024\/01\/inti-raymi-trexperience.webp\" data-orig-size=\"640,875\" data-comments-opened=\"1\" data-image-meta=\"{&quot;aperture&quot;:&quot;0&quot;,&quot;credit&quot;:&quot;&quot;,&quot;camera&quot;:&quot;&quot;,&quot;caption&quot;:&quot;&quot;,&quot;created_timestamp&quot;:&quot;0&quot;,&quot;copyright&quot;:&quot;&quot;,&quot;focal_length&quot;:&quot;0&quot;,&quot;iso&quot;:&quot;0&quot;,&quot;shutter_speed&quot;:&quot;0&quot;,&quot;title&quot;:&quot;&quot;,&quot;orientation&quot;:&quot;0&quot;}\" data-image-title=\"inti-raymi-trexperience\" data-image-description=\"\" data-medium-file=\"https:\/\/i0.wp.com\/peruadventuretrek.com\/blog\/wp-content\/uploads\/2024\/01\/inti-raymi-trexperience.webp?fit=219%2C300&#038;ssl=1\" data-large-file=\"https:\/\/i0.wp.com\/peruadventuretrek.com\/blog\/wp-content\/uploads\/2024\/01\/inti-raymi-trexperience.webp?fit=640%2C875&#038;ssl=1\" src=\"https:\/\/i0.wp.com\/peruadventuretrek.com\/blog\/wp-content\/uploads\/2024\/01\/inti-raymi-trexperience.webp?w=240&#038;h=328&#038;ssl=1\" srcset=\"https:\/\/i0.wp.com\/peruadventuretrek.com\/blog\/wp-content\/uploads\/2024\/01\/inti-raymi-trexperience.webp?w=640&amp;ssl=1 640w, https:\/\/i0.wp.com\/peruadventuretrek.com\/blog\/wp-content\/uploads\/2024\/01\/inti-raymi-trexperience.webp?resize=219%2C300&amp;ssl=1 219w\" width=\"240\" height=\"328\" loading=\"lazy\" data-original-width=\"240\" data-original-height=\"328\" itemprop=\"http:\/\/schema.org\/image\" title=\"inti-raymi-trexperience\" alt=\"Existe controversia sobre la fecha del Inti Raymi.\" style=\"width: 240px; height: 328px;\" \/> <\/a> <div class=\"tiled-gallery-caption\" itemprop=\"caption description\"> Existe controversia sobre la fecha del Inti Raymi. <\/div> <\/div> <\/div> <!-- close group --> <\/div> <!-- close row --> <\/div>\n<h2 id=\"inti-raymi-en-la-actualidad\">Inti Raymi en la actualidad:<\/h2>\n<p>El Inti Raymi se celebra hoy con todo su esplendor sin la procesi\u00f3n de momias en la ciudad del Cusco. La celebraci\u00f3n de las fiestas comienza por la ma\u00f1ana en la explanada del Templo Inca del sol. Mientras llegan los representantes de Qollasuyu, Kuntisuyu, Antisuyu, Chinchaysuyu (los cuatro suyos del Imperio Inca) el Sapa Inca apertura la festividad. Luego, los asistentes contin\u00faan una corta distancia hasta la Plaza de Armas para presenciar la celebraci\u00f3n del Inti Raymi.<\/p>\n<p>El d\u00eda principal, el 24 de junio el Sapa Inca sube a un escenario frente a los romeros y bebe chicha de jora, bebida a base de ma\u00edz, en honor al Inti. Luego, un sacerdote entra en el templo y enciende una llama, todos estos rituales estan acompa\u00f1ados y adornados con danzas, sonidos de caracoles e instrumentos musicales.<\/p>\n<p>Posteriormente, todos en la Iglesia de\u00a0Santo Domingo en Coricancha comienzan la ceremonia de nueve d\u00edas. Los actores interpretan los papeles del Rey Sol y su esposa, sobre todo Mama Ocllo.<\/p>\n<p><span id=\"ctrlcopy\"><br \/>\n<img data-recalc-dims=\"1\" loading=\"lazy\" decoding=\"async\" class=\"alignnone wp-image-5745 size-full\" src=\"https:\/\/i0.wp.com\/peruadventuretrek.com\/blog\/wp-content\/uploads\/2024\/01\/imageedit_8_9105127965-min_0.jpg?resize=960%2C540&#038;ssl=1\" alt=\"\" width=\"960\" height=\"540\" srcset=\"https:\/\/i0.wp.com\/peruadventuretrek.com\/blog\/wp-content\/uploads\/2024\/01\/imageedit_8_9105127965-min_0.jpg?w=960&amp;ssl=1 960w, https:\/\/i0.wp.com\/peruadventuretrek.com\/blog\/wp-content\/uploads\/2024\/01\/imageedit_8_9105127965-min_0.jpg?resize=300%2C169&amp;ssl=1 300w, https:\/\/i0.wp.com\/peruadventuretrek.com\/blog\/wp-content\/uploads\/2024\/01\/imageedit_8_9105127965-min_0.jpg?resize=768%2C432&amp;ssl=1 768w\" sizes=\"auto, (max-width: 960px) 100vw, 960px\" \/><br \/>\n<\/span><\/p>\n<p>La parte final se realiza en el sitio arqueol\u00f3gico de Sacsayhuaman. El Rey Inca pronuncia un discurso\u00a0alabando al sol antes de ser llevado por su s\u00e9quito en una carroza dorada al templo en ruinas de Sacsayhuaman. Sapa Inca se dirige a los portadores del f\u00e9retro con diferentes atuendos, uno vestido de serpiente para representar el inframundo, otro vestido de puma para representar la vida terrenal y otro vestido de c\u00f3ndor que representa los cielos.<\/p>\n<p>Rodeado de miles de lugare\u00f1os y turistas, el Inca pronuncia su discurso en quechua antes del sacrificio simulado de la llama, donde su coraz\u00f3n se eleva a la Pachamama para asegurar la pr\u00f3xima cosecha. El p\u00fablico sigue al carro, con actores que interpretan los papeles de nobles y sacerdotes incas. Las mujeres arrojan flores ex\u00f3ticas en el camino del festival y barren la ruta para mantenerla libre de malos esp\u00edritus. en este recorrido, se pueden observar bailes especiales, se leen hojas de coca y luego se queman en abundancia.<\/p>\n<p>El festival llega a su fin cuando el aire se llena con el sonido de trompetas, tambores y otros sonidos instrumentales. Durante la puesta del sol, se enciende una hoguera y la ceremonia concluye con el regreso de la procesi\u00f3n a Cusco con el Rey Inca y su esposa llevados de regreso en su carroza.<\/p>\n<h2 id=\"inti-raymi-\u2013-un-patrimonio-cultural\">Inti Raymi \u2013 Un Patrimonio Cultural<\/h2>\n<p>A pesar del avance de la globalizaci\u00f3n, los descendientes de los incas han sabido preservar y expresar con orgullo su cultura. El\u00a0<strong>2 de marzo de 2001<\/strong>, la\u00a0 fiesta del Inti Raymi fue declarada\u00a0<strong>patrimonio cultural de la Naci\u00f3n<\/strong>. Actualmente, es gestionado y organizado por la Municipalidad Provincial de Cusco.<\/p>\n<p>El Inti Raymi tambi\u00e9n se ha convertido en una importante atracci\u00f3n tur\u00edstica en Per\u00fa, atrayendo a visitantes de todo el mundo. Esto no s\u00f3lo apoya la econom\u00eda local, sino que tambi\u00e9n aumenta la conciencia internacional y la apreciaci\u00f3n del rico patrimonio cultural de los pueblos andinos.<\/p>\n<h2 id=\"\u00bfpor-qu\u00e9-deber\u00edas-ir-a-la-fiesta-del-sol?\">\u00bfPor qu\u00e9 deber\u00edas ir a la Fiesta del Sol?<\/h2>\n<p>El Inti Raymi se celebra en la ciudad del Cusco, un importante destino para los amantes de la historia por su cultura, sus museos, sitios arqueol\u00f3gicos, diversidad natural y gente extremadamente amable. En esta fiesta, no solo se reunen turistas nacionales y locales sino tambi\u00e9n visitantes de todo el mundo, quienes recorren las fascinantes e hist\u00f3ricas calles del Cusco, para ser testigos de la maravillosa puesta en escena del Inti Raymi.<\/p>\n<p>El festival es una gran oportunidad para experimentar aut\u00e9nticas representaciones art\u00edsticas y folcl\u00f3ricas de la ciudad. Aqu\u00ed hay\u00a0otras\u00a0<strong>razones por las que no debes perderte la Fiesta del Sol<\/strong>:<\/p>\n<h3 id=\"1.-experiencia-cultural\">1. Experiencia cultural<\/h3>\n<p>Asistir al Inti Raymi proporciona una experiencia cultural profundamente enriquecedora. Al ser una de las celebraciones tradicionales m\u00e1s importantes de Per\u00fa, el festival te permite sumergirte en la rica herencia del pueblo andino y de sus antepasados incas.<\/p>\n<h3 id=\"2.-actuaciones-espectaculares\">2. Actuaciones espectaculares<\/h3>\n<p>El festival incluye actuaciones vibrantes y coloridas, con cientos de artistas ataviados con joyas y trajes tradicionales incas. La representaci\u00f3n teatral de los antiguos rituales es un gran espect\u00e1culo que incluye m\u00fasica, danza, procesiones e incluso un sacrificio simulado de una llama.\u00a0Te alegrar\u00e1 saber que no se hacen m\u00e1s sacrificios reales en este festival.<\/p>\n<h3 id=\"3.-importancia-hist\u00f3rica\">3. Importancia hist\u00f3rica<\/h3>\n<p>El festival se celebra en lugares hist\u00f3ricos de Cuzco, como el antiguo Templo Inca del Sol (Qoricancha), la Plaza de Armas y el yacimiento arqueol\u00f3gico de Sacsayhuam\u00e1n. Podr\u00e1s explorar estos lugares representativos mientras vives el festival.<\/p>\n<h3 id=\"4.-hermosos-paisajes\">4. Hermosos paisajes<\/h3>\n<p>El evento se celebra en Cuzco y sus alrededores, una ciudad situada en lo alto de la cordillera de los Andes. La ciudad y sus alrededores ofrecen un paisaje impresionante; esta es una excelente raz\u00f3n para visitar esta hermosa parte del mundo.<\/p>\n<h3 id=\"5.-conocer-gente-nueva\"><strong>5. Conocer gente nueva<\/strong><\/h3>\n<p>El festival atrae a visitantes de todo el mundo, lo que lo convierte en un lugar ideal para conocer e interactuar con personas de diversas culturas y or\u00edgenes. Tambi\u00e9n brinda la oportunidad de relacionarse con la poblaci\u00f3n local y conocer sus costumbres y modo de vida.<\/p>\n<h3 id=\"6.-oportunidades-fotogr\u00e1ficas\">6. Oportunidades fotogr\u00e1ficas<\/h3>\n<p>Con sus coloridos trajes, sus dram\u00e1ticas representaciones y sus escenarios hist\u00f3ricos, el festival ofrece fant\u00e1sticas oportunidades para los amantes de la fotograf\u00eda.<span id=\"ctrlcopy\"><\/span><\/p>\n<div id=\"attachment_5746\" style=\"width: 1010px\" class=\"wp-caption alignnone\"><img data-recalc-dims=\"1\" loading=\"lazy\" decoding=\"async\" aria-describedby=\"caption-attachment-5746\" class=\"wp-image-5746 size-full\" src=\"https:\/\/i0.wp.com\/peruadventuretrek.com\/blog\/wp-content\/uploads\/2024\/01\/inti-raymi-cusco.jpg?resize=1000%2C562&#038;ssl=1\" alt=\"\" width=\"1000\" height=\"562\" srcset=\"https:\/\/i0.wp.com\/peruadventuretrek.com\/blog\/wp-content\/uploads\/2024\/01\/inti-raymi-cusco.jpg?w=1000&amp;ssl=1 1000w, https:\/\/i0.wp.com\/peruadventuretrek.com\/blog\/wp-content\/uploads\/2024\/01\/inti-raymi-cusco.jpg?resize=300%2C169&amp;ssl=1 300w, https:\/\/i0.wp.com\/peruadventuretrek.com\/blog\/wp-content\/uploads\/2024\/01\/inti-raymi-cusco.jpg?resize=768%2C432&amp;ssl=1 768w\" sizes=\"auto, (max-width: 1000px) 100vw, 1000px\" \/><p id=\"caption-attachment-5746\" class=\"wp-caption-text\">Escena del sacrificio de la llama en Sacsayhuaman<\/p><\/div>\n<h2 id=\"\u00bfc\u00f3mo-disfrutar-de-esta-festividad?\">\u00bfC\u00f3mo disfrutar de esta festividad?<\/h2>\n<p>Hay dos formas de disfrutar del\u00a0<strong>Inti Raymi en Cusco<\/strong>: 1.\u00a0Puedes reservar asientos con anticipaci\u00f3n, los cuales te permiten acceso sin interrupciones a los lugares del evento.\u00a0<strong>2<\/strong>. Ver el evento de pie entre los lugare\u00f1os, lo cual te dar\u00e1 una mejor comprensi\u00f3n de la importancia de este evento.<\/p>\n<p><strong>Lugares que ver\u00e1s durante el evento:<\/strong><\/p>\n<ul>\n<li>\n<h4 id=\"coricancha\">Coricancha:<\/h4>\n<\/li>\n<\/ul>\n<p>Aunque aqu\u00ed no hay asientos oficiales para ver el festival, hay mucho espacio abierto que puedes utilizar para observar de pie el inicio del festival. \u00e9ste se lleva a cabo en los jardines a las afueras del templo con vistas fascinantes. Todo lo que necesitas es llegar temprano para disfrutar de las mejores vistas y un comienzo maravilloso.<span id=\"ctrlcopy\"><\/span><\/p>\n<div id=\"attachment_5747\" style=\"width: 1210px\" class=\"wp-caption alignnone\"><img data-recalc-dims=\"1\" loading=\"lazy\" decoding=\"async\" aria-describedby=\"caption-attachment-5747\" class=\"wp-image-5747 size-full\" src=\"https:\/\/i0.wp.com\/peruadventuretrek.com\/blog\/wp-content\/uploads\/2024\/01\/inti-raymi-qoricancha_0.webp?resize=1200%2C674&#038;ssl=1\" alt=\"\" width=\"1200\" height=\"674\" srcset=\"https:\/\/i0.wp.com\/peruadventuretrek.com\/blog\/wp-content\/uploads\/2024\/01\/inti-raymi-qoricancha_0.webp?w=1200&amp;ssl=1 1200w, https:\/\/i0.wp.com\/peruadventuretrek.com\/blog\/wp-content\/uploads\/2024\/01\/inti-raymi-qoricancha_0.webp?resize=300%2C169&amp;ssl=1 300w, https:\/\/i0.wp.com\/peruadventuretrek.com\/blog\/wp-content\/uploads\/2024\/01\/inti-raymi-qoricancha_0.webp?resize=1024%2C575&amp;ssl=1 1024w, https:\/\/i0.wp.com\/peruadventuretrek.com\/blog\/wp-content\/uploads\/2024\/01\/inti-raymi-qoricancha_0.webp?resize=768%2C431&amp;ssl=1 768w\" sizes=\"auto, (max-width: 1000px) 100vw, 1000px\" \/><p id=\"caption-attachment-5747\" class=\"wp-caption-text\">Ceremonia de apertura del Inti Raymi en el Qoricancha.<\/p><\/div>\n<ul>\n<li>\n<h4 id=\"plaza-de-armas\">Plaza de Armas:<\/h4>\n<\/li>\n<\/ul>\n<p>Aunque las festividades no est\u00e1n acordonadas, aun puedes encontrar espacio alrededor de las arcadas coloniales. Debido al espacio limitado en la plaza, solo necesitas estar preparado para estar entre la multitud.<\/p>\n<p><strong>Tip:<\/strong>\u00a0Si planeas ver el Inti Raymi, te recomendamos reservar a una mesa en un caf\u00e9 o restaurante ubicado en los balcones que rodean la plaza principal. Desde aqu\u00ed tendr\u00e1s una vista privilegiada del evento.<span id=\"ctrlcopy\"><\/span><\/p>\n<p>&nbsp;<\/p>\n<div class=\"tiled-gallery type-rectangular tiled-gallery-unresized\" data-original-width=\"500\" data-carousel-extra='null' itemscope itemtype=\"http:\/\/schema.org\/ImageGallery\" > <div class=\"gallery-row\" style=\"width: 500px; height: 312px;\" data-original-width=\"500\" data-original-height=\"312\" > <div class=\"gallery-group images-1\" style=\"width: 250px; height: 312px;\" data-original-width=\"250\" data-original-height=\"312\" > <div class=\"tiled-gallery-item tiled-gallery-item-small\" itemprop=\"associatedMedia\" itemscope itemtype=\"http:\/\/schema.org\/ImageObject\"> <a href=\"https:\/\/peruadventuretrek.com\/blog\/inti-raymi\/inti-raymi-qoya\/\" border=\"0\" itemprop=\"url\"> <meta itemprop=\"width\" content=\"246\"> <meta itemprop=\"height\" content=\"308\"> <img decoding=\"async\" class=\"\" data-attachment-id=\"5748\" data-orig-file=\"https:\/\/peruadventuretrek.com\/blog\/wp-content\/uploads\/2024\/01\/inti-raymi-qoya.webp\" data-orig-size=\"800,1000\" data-comments-opened=\"1\" data-image-meta=\"{&quot;aperture&quot;:&quot;0&quot;,&quot;credit&quot;:&quot;&quot;,&quot;camera&quot;:&quot;&quot;,&quot;caption&quot;:&quot;&quot;,&quot;created_timestamp&quot;:&quot;0&quot;,&quot;copyright&quot;:&quot;&quot;,&quot;focal_length&quot;:&quot;0&quot;,&quot;iso&quot;:&quot;0&quot;,&quot;shutter_speed&quot;:&quot;0&quot;,&quot;title&quot;:&quot;&quot;,&quot;orientation&quot;:&quot;0&quot;}\" data-image-title=\"inti-raymi-qoya\" data-image-description=\"\" data-medium-file=\"https:\/\/i0.wp.com\/peruadventuretrek.com\/blog\/wp-content\/uploads\/2024\/01\/inti-raymi-qoya.webp?fit=240%2C300&#038;ssl=1\" data-large-file=\"https:\/\/i0.wp.com\/peruadventuretrek.com\/blog\/wp-content\/uploads\/2024\/01\/inti-raymi-qoya.webp?fit=800%2C1000&#038;ssl=1\" src=\"https:\/\/i0.wp.com\/peruadventuretrek.com\/blog\/wp-content\/uploads\/2024\/01\/inti-raymi-qoya.webp?w=246&#038;h=308&#038;ssl=1\" srcset=\"https:\/\/i0.wp.com\/peruadventuretrek.com\/blog\/wp-content\/uploads\/2024\/01\/inti-raymi-qoya.webp?w=800&amp;ssl=1 800w, https:\/\/i0.wp.com\/peruadventuretrek.com\/blog\/wp-content\/uploads\/2024\/01\/inti-raymi-qoya.webp?resize=240%2C300&amp;ssl=1 240w, https:\/\/i0.wp.com\/peruadventuretrek.com\/blog\/wp-content\/uploads\/2024\/01\/inti-raymi-qoya.webp?resize=768%2C960&amp;ssl=1 768w\" width=\"246\" height=\"308\" loading=\"lazy\" data-original-width=\"246\" data-original-height=\"308\" itemprop=\"http:\/\/schema.org\/image\" title=\"inti-raymi-qoya\" alt=\"Inti Raymi en la Plaza de Armas.\" style=\"width: 246px; height: 308px;\" \/> <\/a> <div class=\"tiled-gallery-caption\" itemprop=\"caption description\"> Inti Raymi en la Plaza de Armas. <\/div> <\/div> <\/div> <!-- close group --> <div class=\"gallery-group images-1\" style=\"width: 250px; height: 312px;\" data-original-width=\"250\" data-original-height=\"312\" > <div class=\"tiled-gallery-item tiled-gallery-item-small\" itemprop=\"associatedMedia\" itemscope itemtype=\"http:\/\/schema.org\/ImageObject\"> <a href=\"https:\/\/peruadventuretrek.com\/blog\/inti-raymi\/inti-raymi-plaza-de-armas\/\" border=\"0\" itemprop=\"url\"> <meta itemprop=\"width\" content=\"246\"> <meta itemprop=\"height\" content=\"308\"> <img decoding=\"async\" class=\"\" data-attachment-id=\"5749\" data-orig-file=\"https:\/\/peruadventuretrek.com\/blog\/wp-content\/uploads\/2024\/01\/inti-raymi-plaza-de-armas.webp\" data-orig-size=\"800,1000\" data-comments-opened=\"1\" data-image-meta=\"{&quot;aperture&quot;:&quot;0&quot;,&quot;credit&quot;:&quot;&quot;,&quot;camera&quot;:&quot;&quot;,&quot;caption&quot;:&quot;&quot;,&quot;created_timestamp&quot;:&quot;0&quot;,&quot;copyright&quot;:&quot;&quot;,&quot;focal_length&quot;:&quot;0&quot;,&quot;iso&quot;:&quot;0&quot;,&quot;shutter_speed&quot;:&quot;0&quot;,&quot;title&quot;:&quot;&quot;,&quot;orientation&quot;:&quot;0&quot;}\" data-image-title=\"inti-raymi-plaza-de-armas\" data-image-description=\"\" data-medium-file=\"https:\/\/i0.wp.com\/peruadventuretrek.com\/blog\/wp-content\/uploads\/2024\/01\/inti-raymi-plaza-de-armas.webp?fit=240%2C300&#038;ssl=1\" data-large-file=\"https:\/\/i0.wp.com\/peruadventuretrek.com\/blog\/wp-content\/uploads\/2024\/01\/inti-raymi-plaza-de-armas.webp?fit=800%2C1000&#038;ssl=1\" src=\"https:\/\/i0.wp.com\/peruadventuretrek.com\/blog\/wp-content\/uploads\/2024\/01\/inti-raymi-plaza-de-armas.webp?w=246&#038;h=308&#038;ssl=1\" srcset=\"https:\/\/i0.wp.com\/peruadventuretrek.com\/blog\/wp-content\/uploads\/2024\/01\/inti-raymi-plaza-de-armas.webp?w=800&amp;ssl=1 800w, https:\/\/i0.wp.com\/peruadventuretrek.com\/blog\/wp-content\/uploads\/2024\/01\/inti-raymi-plaza-de-armas.webp?resize=240%2C300&amp;ssl=1 240w, https:\/\/i0.wp.com\/peruadventuretrek.com\/blog\/wp-content\/uploads\/2024\/01\/inti-raymi-plaza-de-armas.webp?resize=768%2C960&amp;ssl=1 768w\" width=\"246\" height=\"308\" loading=\"lazy\" data-original-width=\"246\" data-original-height=\"308\" itemprop=\"http:\/\/schema.org\/image\" title=\"inti-raymi-plaza-de-armas\" alt=\"Inti Raymi en la Plaza de Armas.\" style=\"width: 246px; height: 308px;\" \/> <\/a> <div class=\"tiled-gallery-caption\" itemprop=\"caption description\"> Inti Raymi en la Plaza de Armas. <\/div> <\/div> <\/div> <!-- close group --> <\/div> <!-- close row --> <\/div>\n<ul>\n<li>\n<h4 id=\"sacsayhuaman\">Sacsayhuaman:<\/h4>\n<\/li>\n<\/ul>\n<p>Los lugare\u00f1os que no pueden permitirse pagar una entrada optan por ver el Inti Raymi desde dos colinas que dan al escenario. La mejor forma\u00a0de ver la ceremonia es reservar un asiento a trav\u00e9s de un gu\u00eda o una agencia de viajes; para poder disfrutar del espect\u00e1culo desde las tribunas. Estas se venden en orden de prioridad.<span id=\"ctrlcopy\"><\/span><\/p>\n<p>&nbsp;<\/p>\n<div class=\"tiled-gallery type-rectangular tiled-gallery-unresized\" data-original-width=\"500\" data-carousel-extra='null' itemscope itemtype=\"http:\/\/schema.org\/ImageGallery\" > <div class=\"gallery-row\" style=\"width: 500px; height: 312px;\" data-original-width=\"500\" data-original-height=\"312\" > <div class=\"gallery-group images-1\" style=\"width: 250px; height: 312px;\" data-original-width=\"250\" data-original-height=\"312\" > <div class=\"tiled-gallery-item tiled-gallery-item-small\" itemprop=\"associatedMedia\" itemscope itemtype=\"http:\/\/schema.org\/ImageObject\"> <a href=\"https:\/\/peruadventuretrek.com\/blog\/inti-raymi\/inti-raymi-sacsayhuaman\/\" border=\"0\" itemprop=\"url\"> <meta itemprop=\"width\" content=\"246\"> <meta itemprop=\"height\" content=\"308\"> <img decoding=\"async\" class=\"\" data-attachment-id=\"5750\" data-orig-file=\"https:\/\/peruadventuretrek.com\/blog\/wp-content\/uploads\/2024\/01\/inti-raymi-sacsayhuaman.webp\" data-orig-size=\"800,1000\" data-comments-opened=\"1\" data-image-meta=\"{&quot;aperture&quot;:&quot;0&quot;,&quot;credit&quot;:&quot;&quot;,&quot;camera&quot;:&quot;&quot;,&quot;caption&quot;:&quot;&quot;,&quot;created_timestamp&quot;:&quot;0&quot;,&quot;copyright&quot;:&quot;&quot;,&quot;focal_length&quot;:&quot;0&quot;,&quot;iso&quot;:&quot;0&quot;,&quot;shutter_speed&quot;:&quot;0&quot;,&quot;title&quot;:&quot;&quot;,&quot;orientation&quot;:&quot;0&quot;}\" data-image-title=\"inti-raymi-sacsayhuaman\" data-image-description=\"\" data-medium-file=\"https:\/\/i0.wp.com\/peruadventuretrek.com\/blog\/wp-content\/uploads\/2024\/01\/inti-raymi-sacsayhuaman.webp?fit=240%2C300&#038;ssl=1\" data-large-file=\"https:\/\/i0.wp.com\/peruadventuretrek.com\/blog\/wp-content\/uploads\/2024\/01\/inti-raymi-sacsayhuaman.webp?fit=800%2C1000&#038;ssl=1\" src=\"https:\/\/i0.wp.com\/peruadventuretrek.com\/blog\/wp-content\/uploads\/2024\/01\/inti-raymi-sacsayhuaman.webp?w=246&#038;h=308&#038;ssl=1\" srcset=\"https:\/\/i0.wp.com\/peruadventuretrek.com\/blog\/wp-content\/uploads\/2024\/01\/inti-raymi-sacsayhuaman.webp?w=800&amp;ssl=1 800w, https:\/\/i0.wp.com\/peruadventuretrek.com\/blog\/wp-content\/uploads\/2024\/01\/inti-raymi-sacsayhuaman.webp?resize=240%2C300&amp;ssl=1 240w, https:\/\/i0.wp.com\/peruadventuretrek.com\/blog\/wp-content\/uploads\/2024\/01\/inti-raymi-sacsayhuaman.webp?resize=768%2C960&amp;ssl=1 768w\" width=\"246\" height=\"308\" loading=\"lazy\" data-original-width=\"246\" data-original-height=\"308\" itemprop=\"http:\/\/schema.org\/image\" title=\"inti-raymi-sacsayhuaman\" alt=\"Inti Raymi en Sacsayhuaman\" style=\"width: 246px; height: 308px;\" \/> <\/a> <div class=\"tiled-gallery-caption\" itemprop=\"caption description\"> Inti Raymi en Sacsayhuaman <\/div> <\/div> <\/div> <!-- close group --> <div class=\"gallery-group images-1\" style=\"width: 250px; height: 312px;\" data-original-width=\"250\" data-original-height=\"312\" > <div class=\"tiled-gallery-item tiled-gallery-item-small\" itemprop=\"associatedMedia\" itemscope itemtype=\"http:\/\/schema.org\/ImageObject\"> <a href=\"https:\/\/peruadventuretrek.com\/blog\/inti-raymi\/inti-raymi-saqsayhuaman\/\" border=\"0\" itemprop=\"url\"> <meta itemprop=\"width\" content=\"246\"> <meta itemprop=\"height\" content=\"308\"> <img decoding=\"async\" class=\"\" data-attachment-id=\"5751\" data-orig-file=\"https:\/\/peruadventuretrek.com\/blog\/wp-content\/uploads\/2024\/01\/inti-raymi-saqsayhuaman.webp\" data-orig-size=\"800,1000\" data-comments-opened=\"1\" data-image-meta=\"{&quot;aperture&quot;:&quot;0&quot;,&quot;credit&quot;:&quot;&quot;,&quot;camera&quot;:&quot;&quot;,&quot;caption&quot;:&quot;&quot;,&quot;created_timestamp&quot;:&quot;0&quot;,&quot;copyright&quot;:&quot;&quot;,&quot;focal_length&quot;:&quot;0&quot;,&quot;iso&quot;:&quot;0&quot;,&quot;shutter_speed&quot;:&quot;0&quot;,&quot;title&quot;:&quot;&quot;,&quot;orientation&quot;:&quot;0&quot;}\" data-image-title=\"inti-raymi-saqsayhuaman\" data-image-description=\"\" data-medium-file=\"https:\/\/i0.wp.com\/peruadventuretrek.com\/blog\/wp-content\/uploads\/2024\/01\/inti-raymi-saqsayhuaman.webp?fit=240%2C300&#038;ssl=1\" data-large-file=\"https:\/\/i0.wp.com\/peruadventuretrek.com\/blog\/wp-content\/uploads\/2024\/01\/inti-raymi-saqsayhuaman.webp?fit=800%2C1000&#038;ssl=1\" src=\"https:\/\/i0.wp.com\/peruadventuretrek.com\/blog\/wp-content\/uploads\/2024\/01\/inti-raymi-saqsayhuaman.webp?w=246&#038;h=308&#038;ssl=1\" srcset=\"https:\/\/i0.wp.com\/peruadventuretrek.com\/blog\/wp-content\/uploads\/2024\/01\/inti-raymi-saqsayhuaman.webp?w=800&amp;ssl=1 800w, https:\/\/i0.wp.com\/peruadventuretrek.com\/blog\/wp-content\/uploads\/2024\/01\/inti-raymi-saqsayhuaman.webp?resize=240%2C300&amp;ssl=1 240w, https:\/\/i0.wp.com\/peruadventuretrek.com\/blog\/wp-content\/uploads\/2024\/01\/inti-raymi-saqsayhuaman.webp?resize=768%2C960&amp;ssl=1 768w\" width=\"246\" height=\"308\" loading=\"lazy\" data-original-width=\"246\" data-original-height=\"308\" itemprop=\"http:\/\/schema.org\/image\" title=\"inti-raymi-saqsayhuaman\" alt=\"M\u00fasicos del Inti Raymi\" style=\"width: 246px; height: 308px;\" \/> <\/a> <div class=\"tiled-gallery-caption\" itemprop=\"caption description\"> M\u00fasicos del Inti Raymi <\/div> <\/div> <\/div> <!-- close group --> <\/div> <!-- close row --> <\/div>\n<p>&nbsp;<\/p>\n<div class=\"field__item\">\n<div class=\"paragraph paragraph--type--tipo-field-paragraph-text-format paragraph--view-mode--default\">\n<div class=\"clearfix text-formatted field field--name-field-paragraph-text-formatted-l field--type-text-long field--label-hidden field__item\">\n<h3 id=\"\u00bfcu\u00e1l-es-el-programa-del-inti-raymi?\">\u00bfCu\u00e1l es el programa del Inti Raymi?<\/h3>\n<ul>\n<li>\n<h4 id=\"900-am---inicio-de-la-festividad-en-el-templo-del-sol-qoricancha\">9:00\u00a0am &#8211; Inicio de la festividad en el Templo del Sol Qoricancha<\/h4>\n<\/li>\n<\/ul>\n<p>Aqu\u00ed el Inca, junto con La Qoya y La Realeza, saluda al dios Inti, invocando el \u00e9xito de la ceremonia. \u00ab\u00a1Oh dios sol, padre nuestro! \u00a1Poderoso Sol de eterna felicidad, fuente c\u00e1lida, principio de vida! Desde esta tu sagrada mansi\u00f3n en el Cusco, donde vives con la Luna, el Rel\u00e1mpago y el Trueno, saludan tus hijos del Imperio de las Cuatro Regiones, con reverencia en el d\u00eda de tu jubileo\u201d.<\/p>\n<ul>\n<li>\n<h4 id=\"1030-am---plaza-de-armas\">10:30 am &#8211; Plaza de Armas<\/h4>\n<\/li>\n<\/ul>\n<p>Una vez finalizada la primera parte del Inti Raymi en el Qoricancha, el Inca, su S\u00e9quito Real y el Ej\u00e9rcito Imperial, se dirigen en procesi\u00f3n a la Plaza de Armas por antiguas calles incas como la Calle Loreto y llega justo a Aucaypata. All\u00ed, las \u00d1ustas, Aqllas (mujeres escogidas) y todo el ej\u00e9rcito imperial ya se encuentran en posici\u00f3n en la Plaza de Armas para esperar al Inca. Aqu\u00ed el Inca como m\u00e1ximo gobernante del imperio realiza la ceremonia de la Coca y hace una invocaci\u00f3n a los Apus.<\/p>\n<ul>\n<li>\n<h4 id=\"145-pm---explanada-chuquipampa-o-sacsayhuaman\">1:45 pm &#8211; Explanada Chuquipampa o Sacsayhuaman<\/h4>\n<\/li>\n<\/ul>\n<p>Luego de la ceremonia de la Coca en la Plaza del Aucaypata, el elenco se dirige hacia la explanada del parque arqueol\u00f3gico de Sacsayhuam\u00e1n. Aqu\u00ed, alrededor de 80,000 personas y aproximadamente 3,500 turistas que compraron sus asientos en las gradas instaladas en la explanada, esperan la ceremonia central.<\/p>\n<p>\u00a1Prep\u00e1rate para las multitudes y lleva todo lo necesario para el d\u00eda: mucha comida, agua y protecci\u00f3n solar! \u00a1Primero en llegar, primero en ser atendido!<\/p>\n<\/div>\n<\/div>\n<\/div>\n<div class=\"field__item\">\n<div class=\"paragraph paragraph--type--tipo-field-paragraph-text-format paragraph--view-mode--default\">\n<div class=\"clearfix text-formatted field field--name-field-paragraph-text-formatted-l field--type-text-long field--label-hidden field__item\">\n<h2 id=\"preguntas-frecuentes-sobre-el-inti-raymi\" class=\"text-align-center\">Preguntas frecuentes sobre el Inti Raymi<\/h2>\n<h3 id=\"\u00bfqu\u00e9-es-la-fiesta-del-inti-raymi?\">\u00bfQu\u00e9 es la fiesta del Inti Raymi?<\/h3>\n<p>El Inti Raymi es una fiesta tradicional inca que celebra al dios Sol, Inti. Se celebra anualmente el 24 de junio en Cusco, Per\u00fa. El festival incluye m\u00fasica, danzas, procesiones y ceremonias rituales.<\/p>\n<h3 id=\"\u00bfcu\u00e1ndo-se-celebra-el-inti-raymi?\">\u00bfCu\u00e1ndo se celebra el Inti Raymi?<\/h3>\n<p>El Inti Raymi se celebra anualmente el 24 de junio, alrededor del solsticio de invierno en el hemisferio sur.<\/p>\n<h3 id=\"\u00bfd\u00f3nde-se-celebra-el-inti-raymi?\">\u00bfD\u00f3nde se celebra el Inti Raymi?<\/h3>\n<p>El festival tiene lugar en Cusco, Per\u00fa. Las principales ceremonias se celebran en la fortaleza de Sacsayhuam\u00e1n, a las afueras de la ciudad.<\/p>\n<h3 id=\"\u00bfcu\u00e1nto-tiempo-dura-del-inti-raymi?\">\u00bfCu\u00e1nto tiempo dura del Inti Raymi?<\/h3>\n<p>El festival dura un solo d\u00eda, el 24 de junio. La ceremonia inicia a las 9:00 am en el Qoricancha y termina en la explanada de Sacsayhuaman alrededor de las 3 pm.<\/p>\n<h3 id=\"\u00bfpor-qu\u00e9-se-celebra-el-inti-raymi?\">\u00bfPor qu\u00e9 se celebra el Inti Raymi?<\/h3>\n<p>El Inti Raymi es una ceremonia religiosa del Imperio Inca en honor al dios Inti, una de las deidades m\u00e1s veneradas de la religi\u00f3n inca. Era la celebraci\u00f3n del solsticio de invierno, el d\u00eda m\u00e1s corto del a\u00f1o entre la salida y la puesta del sol.<\/p>\n<h3 id=\"\u00bfqu\u00e9-ocurre-durante-el-inti-raymi?\">\u00bfQu\u00e9 ocurre durante el Inti Raymi?<\/h3>\n<p>La fiesta moderna del Inti Raymi consiste en la representaci\u00f3n de rituales incas tradicionales, como una procesi\u00f3n, m\u00fasica, bailes y banquetes. La parte m\u00e1s importante del evento es la representaci\u00f3n teatral de antiguos rituales realizados en el yacimiento arqueol\u00f3gico de Sacsayhuaman.<\/p>\n<h3 id=\"\u00bfse-prohibi\u00f3-el-inti-raymi?\">\u00bfSe prohibi\u00f3 el Inti Raymi?<\/h3>\n<p>Los conquistadores espa\u00f1oles prohibieron el Inti Raymi en el siglo XVI debido a sus esfuerzos por convertir a los ind\u00edgenas al catolicismo. Sin embargo, la fiesta se recuper\u00f3 en el siglo XX y ahora se celebra como un acontecimiento cultural.<\/p>\n<h3 id=\"\u00bfc\u00f3mo-puedo-asistir-al-festival-inti-raymi?\">\u00bfC\u00f3mo puedo asistir al festival Inti Raymi?<\/h3>\n<p>Para asistir a la fiesta del Inti Raymi, debe viajar a Cuzco (Per\u00fa) alrededor del 24 de junio. Puede ver las procesiones y ceremonias de forma gratuita, pero si quiere sentarse en la zona principal de Sacsayhuam\u00e1n, tendr\u00e1 que comprar una entrada.<\/p>\n<h3 id=\"\u00bfd\u00f3nde-comprar-entradas-para-el-inti-raymi?\"><strong>\u00bfD\u00f3nde comprar entradas para el Inti Raymi?<\/strong><\/h3>\n<p>Puedes comprar tu entrada en la plataforma de\u00a0<strong>Teleticket<\/strong>. El precio var\u00eda dependiendo de la zona y el tipo de tribuna que elijas.<\/p>\n<h3 id=\"\u00bflos-turistas-pueden-asistir-al-inti-raymi?\">\u00bfLos turistas pueden asistir al Inti Raymi?<\/h3>\n<p>S\u00ed, los turistas pueden asistir al Inti Raymi. De hecho, es una de las principales atracciones tur\u00edsticas de Cusco. Sin embargo, se pide a los visitantes que respeten el significado cultural del evento.<\/p>\n<h3 id=\"\u00bfqu\u00e9-significa-el-inti-raymi-para-los-peruanos-de-hoy?\">\u00bfQu\u00e9 significa el Inti Raymi para los peruanos de hoy?<\/h3>\n<p>Para muchos peruanos, especialmente los de ascendencia ind\u00edgena, el Inti Raymi es una celebraci\u00f3n de su herencia cultural y una forma de conectar con sus ra\u00edces incas. Tambi\u00e9n es un acontecimiento importante para promover el turismo en la regi\u00f3n.<\/p>\n<h3 id=\"\u00bfcu\u00e1l-es-la-mejor-manera-de-vivir-el-inti-raymi?\">\u00bfCu\u00e1l es la mejor manera de vivir el Inti Raymi?<\/h3>\n<p>Para vivir el Inti Raymi, planee visitar Cuzco a finales de junio. El festival se puede presenciar gratuitamente en las calles, pero en el lugar de la ceremonia principal, Sacsayhuaman, se pueden adquirir entradas. Debido a su popularidad, se recomienda reservar con antelaci\u00f3n.<\/p>\n<h3 id=\"\u00bfes-seguro-asistir-a-la-fiesta-del-inti-raymi?\">\u00bfEs seguro asistir a la fiesta del Inti Raymi?<\/h3>\n<p>S\u00ed, en general es seguro asistir a la fiesta del Inti Raymi. Sin embargo, como en cualquier gran reuni\u00f3n p\u00fablica, se recomienda a los asistentes que est\u00e9n atentos a su entorno y tomen las precauciones de viaje habituales.<\/p>\n<h3 id=\"\u00bfpuedo-tomar-fotograf\u00edas-durante-el-festival?\">\u00bfPuedo tomar fotograf\u00edas durante el festival?<\/h3>\n<p>S\u00ed, puede tomar fotograf\u00edas durante el festival. Sin embargo, es importante respetar a los artistas y a los dem\u00e1s asistentes y no interrumpir las ceremonias.<\/p>\n<h3 id=\"\u00bfqu\u00e9-ropa-debo-llevar-al-festival-inti-raymi?\">\u00bfQu\u00e9 ropa debo llevar al festival Inti Raymi?<\/h3>\n<p>Como el festival se celebra en invierno, conviene vestirse con varias capas de ropa. Las ma\u00f1anas pueden ser frescas, pero el sol de la tarde puede calentar bastante. Tambi\u00e9n se recomienda llevar calzado c\u00f3modo, ya que puede ser necesario estar de pie o caminar durante mucho tiempo.<\/p>\n<h3 id=\"\u00bfcu\u00e1l-es-la-historia-de-la-fiesta-del-inti-raymi?\">\u00bfCu\u00e1l es la historia de la fiesta del Inti Raymi?<\/h3>\n<p>La fiesta del Inti Raymi era una ceremonia religiosa del Imperio Inca que se ha recuperado en los tiempos modernos. Originalmente era celebrada por los incas, sus nobles y sus s\u00fabditos en la ciudad de Cusco. Con la conquista espa\u00f1ola, la fiesta se prohibi\u00f3 por sus ra\u00edces paganas, pero se recuper\u00f3 en el siglo XX y ahora es una de las fiestas m\u00e1s populares de Per\u00fa.<span id=\"ctrlcopy\"><\/span><\/p>\n<p>&nbsp;<\/p>\n<\/div>\n<\/div>\n<\/div>\n<h2><span id=\"TOURS_MAS_POPULARES_EN_CUSCO\">TOURS MAS POPULARES EN CUSCO<\/span><\/h2>\n<ul>\n<li>\u00a0<a href=\"https:\/\/peruadventuretrek.com\/city-tour-en-cusco\/\">City Tour Cusco<\/a><\/li>\n<li><a href=\"https:\/\/peruadventuretrek.com\/tour-valle-sagrado-de-los-incas\/\">Valle Sagrado de los Incas Clasico<\/a><\/li>\n<li><a href=\"https:\/\/peruadventuretrek.com\/valle-sagrado-vip\/\">Super Valle Sagrado Vip<\/a><\/li>\n<li><a href=\"https:\/\/peruadventuretrek.com\/tour-laguna-humantay\/\">Tour Laguna Humantay<\/a><\/li>\n<li><a href=\"https:\/\/peruadventuretrek.com\/tour-montana-de-colores-vinicunca\/\">Tour Monta\u00f1a de Colores<\/a><\/li>\n<li><a href=\"https:\/\/peruadventuretrek.com\/ausangate-7-lagunas\/\">Tour 7 Lagunas Ausangate<\/a><\/li>\n<\/ul>\n<h2><span id=\"TOURS_MACHU_PICCHU_TOURS\">TOURS MACHU PICCHU TOURS<\/span><\/h2>\n<ul>\n<li><strong><a href=\"https:\/\/peruadventuretrek.com\/machupicchu-full-day-desde-la-estacion-de-ollantaytambo\/\">Machu Picchu Full Day<\/a>\u00a0<\/strong><\/li>\n<li><strong><a href=\"https:\/\/peruadventuretrek.com\/machu-pichu-2-dias-1-noche\/\">Machu Picchu 2 dias<\/a><\/strong><\/li>\n<li><a href=\"https:\/\/peruadventuretrek.com\/valle-sagrado-machupicchu-2d-1n\/\"><strong>Valle Sagrado machu Picchu 2 Dias<\/strong><\/a><\/li>\n<li><a href=\"https:\/\/peruadventuretrek.com\/super-valle-sagrado-machu-picchu-2-dias-1noche\/\"><strong>Super valle Sagrado Vip machu picchu 2 Dias<\/strong><\/a><\/li>\n<\/ul>\n<h2><span id=\"CAMINATAS_MAS_POPULARES\">CAMINATAS MAS POPULARES<\/span><\/h2>\n<ul>\n<li><a href=\"https:\/\/peruadventuretrek.com\/camino-inca-2-dias-1-noche\/\">Camino Inca Corto a Machu Picchu 2 Dias<\/a><\/li>\n<li><a href=\"https:\/\/peruadventuretrek.com\/camino-inca-4-dias-3-noches\/\">Camino Inca Clasico a machu Picchu 4 Dias<\/a><\/li>\n<li><a href=\"https:\/\/peruadventuretrek.com\/caminata-salkantay-a-machupicchu-5d\/\">Salkantay Trek 5 Dias\u00a0<\/a><\/li>\n<li><a href=\"https:\/\/peruadventuretrek.com\/salkantay-trek-con-sky-lodge-dome\/\">Salkantay Trek con Sky Lodge Domes 4 Dias<\/a><\/li>\n<\/ul>\n","protected":false},"excerpt":{"rendered":"<p>El\u00a0Inti Raymi\u00a0o\u00a0Fiesta del Sol, era la festividad m\u00e1s importante del imperio Inca y se celebra cada 24 de junio en la ciudad del Cusco. Estaba dedicada al dios sol Inti e inclu\u00eda banquetes, bailes, m\u00fasica y sacrificios de animales para agradecer por la cosecha del a\u00f1o y pedir su bendici\u00f3n en el\u00a0pr\u00f3ximo. \u00bfPero, sab\u00edas que [&hellip;]<\/p>\n","protected":false},"author":1,"featured_media":5761,"comment_status":"open","ping_status":"open","sticky":false,"template":"","format":"standard","meta":{"_jetpack_memberships_contains_paid_content":false,"footnotes":""},"categories":[74,44],"tags":[],"class_list":["post-5740","post","type-post","status-publish","format-standard","has-post-thumbnail","hentry","category-cusco","category-festividades-y-eventos"],"yoast_head":"<!-- This site is optimized with the Yoast SEO Premium plugin v22.6 (Yoast SEO v27.0) - https:\/\/yoast.com\/product\/yoast-seo-premium-wordpress\/ -->\n<title>Inti Raymi \u2013 La Fiesta del dios Sol - Travel Blog PAT<\/title>\n<meta name=\"robots\" content=\"index, follow, max-snippet:-1, max-image-preview:large, max-video-preview:-1\" \/>\n<link rel=\"canonical\" href=\"https:\/\/peruadventuretrek.com\/blog\/inti-raymi\/\" \/>\n<meta property=\"og:locale\" content=\"es_ES\" \/>\n<meta property=\"og:type\" content=\"article\" \/>\n<meta property=\"og:title\" content=\"Inti Raymi \u2013 La Fiesta del dios Sol\" \/>\n<meta property=\"og:description\" content=\"El\u00a0Inti Raymi\u00a0o\u00a0Fiesta del Sol, era la festividad m\u00e1s importante del imperio Inca y se celebra cada 24 de junio en la ciudad del Cusco. Estaba dedicada al dios sol Inti e inclu\u00eda banquetes, bailes, m\u00fasica y sacrificios de animales para agradecer por la cosecha del a\u00f1o y pedir su bendici\u00f3n en el\u00a0pr\u00f3ximo. \u00bfPero, sab\u00edas que [&hellip;]\" \/>\n<meta property=\"og:url\" content=\"https:\/\/peruadventuretrek.com\/blog\/inti-raymi\/\" \/>\n<meta property=\"og:site_name\" content=\"Travel Blog PAT\" \/>\n<meta property=\"article:publisher\" content=\"https:\/\/www.facebook.com\/PeruAdventureTrek\" \/>\n<meta property=\"article:published_time\" content=\"2024-01-31T17:42:42+00:00\" \/>\n<meta property=\"article:modified_time\" content=\"2024-01-31T18:01:01+00:00\" \/>\n<meta property=\"og:image\" content=\"https:\/\/i0.wp.com\/peruadventuretrek.com\/blog\/wp-content\/uploads\/2024\/01\/inti-raymi-Cusco-Peru-Adventure-Trek-2024.png?fit=1250%2C884&ssl=1\" \/>\n\t<meta property=\"og:image:width\" content=\"1250\" \/>\n\t<meta property=\"og:image:height\" content=\"884\" \/>\n\t<meta property=\"og:image:type\" content=\"image\/png\" \/>\n<meta name=\"author\" content=\"Peru Adventure Trek\" \/>\n<meta name=\"twitter:card\" content=\"summary_large_image\" \/>\n<meta name=\"twitter:creator\" content=\"@peruadventuretrek\" \/>\n<meta name=\"twitter:site\" content=\"@peruadventuretrek\" \/>\n<meta name=\"twitter:label1\" content=\"Escrito por\" \/>\n\t<meta name=\"twitter:data1\" content=\"Peru Adventure Trek\" \/>\n\t<meta name=\"twitter:label2\" content=\"Tiempo de lectura\" \/>\n\t<meta name=\"twitter:data2\" content=\"14 minutos\" \/>\n<script type=\"application\/ld+json\" class=\"yoast-schema-graph\">{\"@context\":\"https:\/\/schema.org\",\"@graph\":[{\"@type\":\"Article\",\"@id\":\"https:\/\/peruadventuretrek.com\/blog\/inti-raymi\/#article\",\"isPartOf\":{\"@id\":\"https:\/\/peruadventuretrek.com\/blog\/inti-raymi\/\"},\"author\":{\"name\":\"Peru Adventure Trek\",\"@id\":\"https:\/\/peruadventuretrek.com\/blog\/#\/schema\/person\/641492a5f5b9d340263924aa8c0ed100\"},\"headline\":\"Inti Raymi \u2013 La Fiesta del dios Sol\",\"datePublished\":\"2024-01-31T17:42:42+00:00\",\"dateModified\":\"2024-01-31T18:01:01+00:00\",\"mainEntityOfPage\":{\"@id\":\"https:\/\/peruadventuretrek.com\/blog\/inti-raymi\/\"},\"wordCount\":2987,\"commentCount\":0,\"publisher\":{\"@id\":\"https:\/\/peruadventuretrek.com\/blog\/#organization\"},\"image\":{\"@id\":\"https:\/\/peruadventuretrek.com\/blog\/inti-raymi\/#primaryimage\"},\"thumbnailUrl\":\"https:\/\/i0.wp.com\/peruadventuretrek.com\/blog\/wp-content\/uploads\/2024\/01\/inti-raymi-Cusco-Peru-Adventure-Trek-2024.png?fit=1250%2C884&ssl=1\",\"articleSection\":[\"Cusco\",\"Festividades y Eventos\"],\"inLanguage\":\"es\",\"potentialAction\":[{\"@type\":\"CommentAction\",\"name\":\"Comment\",\"target\":[\"https:\/\/peruadventuretrek.com\/blog\/inti-raymi\/#respond\"]}]},{\"@type\":\"WebPage\",\"@id\":\"https:\/\/peruadventuretrek.com\/blog\/inti-raymi\/\",\"url\":\"https:\/\/peruadventuretrek.com\/blog\/inti-raymi\/\",\"name\":\"Inti Raymi \u2013 La Fiesta del dios Sol - Travel Blog PAT\",\"isPartOf\":{\"@id\":\"https:\/\/peruadventuretrek.com\/blog\/#website\"},\"primaryImageOfPage\":{\"@id\":\"https:\/\/peruadventuretrek.com\/blog\/inti-raymi\/#primaryimage\"},\"image\":{\"@id\":\"https:\/\/peruadventuretrek.com\/blog\/inti-raymi\/#primaryimage\"},\"thumbnailUrl\":\"https:\/\/i0.wp.com\/peruadventuretrek.com\/blog\/wp-content\/uploads\/2024\/01\/inti-raymi-Cusco-Peru-Adventure-Trek-2024.png?fit=1250%2C884&ssl=1\",\"datePublished\":\"2024-01-31T17:42:42+00:00\",\"dateModified\":\"2024-01-31T18:01:01+00:00\",\"breadcrumb\":{\"@id\":\"https:\/\/peruadventuretrek.com\/blog\/inti-raymi\/#breadcrumb\"},\"inLanguage\":\"es\",\"potentialAction\":[{\"@type\":\"ReadAction\",\"target\":[\"https:\/\/peruadventuretrek.com\/blog\/inti-raymi\/\"]}]},{\"@type\":\"ImageObject\",\"inLanguage\":\"es\",\"@id\":\"https:\/\/peruadventuretrek.com\/blog\/inti-raymi\/#primaryimage\",\"url\":\"https:\/\/i0.wp.com\/peruadventuretrek.com\/blog\/wp-content\/uploads\/2024\/01\/inti-raymi-Cusco-Peru-Adventure-Trek-2024.png?fit=1250%2C884&ssl=1\",\"contentUrl\":\"https:\/\/i0.wp.com\/peruadventuretrek.com\/blog\/wp-content\/uploads\/2024\/01\/inti-raymi-Cusco-Peru-Adventure-Trek-2024.png?fit=1250%2C884&ssl=1\",\"width\":1250,\"height\":884},{\"@type\":\"BreadcrumbList\",\"@id\":\"https:\/\/peruadventuretrek.com\/blog\/inti-raymi\/#breadcrumb\",\"itemListElement\":[{\"@type\":\"ListItem\",\"position\":1,\"name\":\"Portada\",\"item\":\"https:\/\/peruadventuretrek.com\/blog\/\"},{\"@type\":\"ListItem\",\"position\":2,\"name\":\"Festividades y Eventos\",\"item\":\"https:\/\/peruadventuretrek.com\/blog\/festividades-y-eventos\/\"},{\"@type\":\"ListItem\",\"position\":3,\"name\":\"Inti Raymi \u2013 La Fiesta del dios Sol\"}]},{\"@type\":\"WebSite\",\"@id\":\"https:\/\/peruadventuretrek.com\/blog\/#website\",\"url\":\"https:\/\/peruadventuretrek.com\/blog\/\",\"name\":\"Blog - Peru Adventure Trek\",\"description\":\"\",\"publisher\":{\"@id\":\"https:\/\/peruadventuretrek.com\/blog\/#organization\"},\"potentialAction\":[{\"@type\":\"SearchAction\",\"target\":{\"@type\":\"EntryPoint\",\"urlTemplate\":\"https:\/\/peruadventuretrek.com\/blog\/?s={search_term_string}\"},\"query-input\":{\"@type\":\"PropertyValueSpecification\",\"valueRequired\":true,\"valueName\":\"search_term_string\"}}],\"inLanguage\":\"es\"},{\"@type\":\"Organization\",\"@id\":\"https:\/\/peruadventuretrek.com\/blog\/#organization\",\"name\":\"Peru Adventure Trek\",\"url\":\"https:\/\/peruadventuretrek.com\/blog\/\",\"logo\":{\"@type\":\"ImageObject\",\"inLanguage\":\"es\",\"@id\":\"https:\/\/peruadventuretrek.com\/blog\/#\/schema\/logo\/image\/\",\"url\":\"https:\/\/i0.wp.com\/peruadventuretrek.com\/blog\/wp-content\/uploads\/2022\/09\/logofinal-PAT2.png?fit=1108%2C452&ssl=1\",\"contentUrl\":\"https:\/\/i0.wp.com\/peruadventuretrek.com\/blog\/wp-content\/uploads\/2022\/09\/logofinal-PAT2.png?fit=1108%2C452&ssl=1\",\"width\":1108,\"height\":452,\"caption\":\"Peru Adventure Trek\"},\"image\":{\"@id\":\"https:\/\/peruadventuretrek.com\/blog\/#\/schema\/logo\/image\/\"},\"sameAs\":[\"https:\/\/www.facebook.com\/PeruAdventureTrek\",\"https:\/\/x.com\/peruadventuretrek\",\"https:\/\/www.instagram.com\/peruadventuretrek\/\",\"https:\/\/www.tiktok.com\/@peruadventuretrek\",\"https:\/\/www.youtube.com\/@PeruAdventureTrek\",\"https:\/\/www.pinterest.com\/peruadventuretrek\/\"]},{\"@type\":\"Person\",\"@id\":\"https:\/\/peruadventuretrek.com\/blog\/#\/schema\/person\/641492a5f5b9d340263924aa8c0ed100\",\"name\":\"Peru Adventure Trek\",\"image\":{\"@type\":\"ImageObject\",\"inLanguage\":\"es\",\"@id\":\"https:\/\/peruadventuretrek.com\/blog\/#\/schema\/person\/image\/\",\"url\":\"https:\/\/secure.gravatar.com\/avatar\/72624e02bbba646b9a68bbf5313547b61d6d8bfe21acc1edbe25533a59a9c1bf?s=96&d=mm&r=g\",\"contentUrl\":\"https:\/\/secure.gravatar.com\/avatar\/72624e02bbba646b9a68bbf5313547b61d6d8bfe21acc1edbe25533a59a9c1bf?s=96&d=mm&r=g\",\"caption\":\"Peru Adventure Trek\"},\"sameAs\":[\"http:\/\/localhost\"],\"url\":\"https:\/\/peruadventuretrek.com\/blog\/author\/richard\/\"}]}<\/script>\n<!-- \/ Yoast SEO Premium plugin. -->","yoast_head_json":{"title":"Inti Raymi \u2013 La Fiesta del dios Sol - Travel Blog PAT","robots":{"index":"index","follow":"follow","max-snippet":"max-snippet:-1","max-image-preview":"max-image-preview:large","max-video-preview":"max-video-preview:-1"},"canonical":"https:\/\/peruadventuretrek.com\/blog\/inti-raymi\/","og_locale":"es_ES","og_type":"article","og_title":"Inti Raymi \u2013 La Fiesta del dios Sol","og_description":"El\u00a0Inti Raymi\u00a0o\u00a0Fiesta del Sol, era la festividad m\u00e1s importante del imperio Inca y se celebra cada 24 de junio en la ciudad del Cusco. Estaba dedicada al dios sol Inti e inclu\u00eda banquetes, bailes, m\u00fasica y sacrificios de animales para agradecer por la cosecha del a\u00f1o y pedir su bendici\u00f3n en el\u00a0pr\u00f3ximo. \u00bfPero, sab\u00edas que [&hellip;]","og_url":"https:\/\/peruadventuretrek.com\/blog\/inti-raymi\/","og_site_name":"Travel Blog PAT","article_publisher":"https:\/\/www.facebook.com\/PeruAdventureTrek","article_published_time":"2024-01-31T17:42:42+00:00","article_modified_time":"2024-01-31T18:01:01+00:00","og_image":[{"width":1250,"height":884,"url":"https:\/\/i0.wp.com\/peruadventuretrek.com\/blog\/wp-content\/uploads\/2024\/01\/inti-raymi-Cusco-Peru-Adventure-Trek-2024.png?fit=1250%2C884&ssl=1","type":"image\/png"}],"author":"Peru Adventure Trek","twitter_card":"summary_large_image","twitter_creator":"@peruadventuretrek","twitter_site":"@peruadventuretrek","twitter_misc":{"Escrito por":"Peru Adventure Trek","Tiempo de lectura":"14 minutos"},"schema":{"@context":"https:\/\/schema.org","@graph":[{"@type":"Article","@id":"https:\/\/peruadventuretrek.com\/blog\/inti-raymi\/#article","isPartOf":{"@id":"https:\/\/peruadventuretrek.com\/blog\/inti-raymi\/"},"author":{"name":"Peru Adventure Trek","@id":"https:\/\/peruadventuretrek.com\/blog\/#\/schema\/person\/641492a5f5b9d340263924aa8c0ed100"},"headline":"Inti Raymi \u2013 La Fiesta del dios Sol","datePublished":"2024-01-31T17:42:42+00:00","dateModified":"2024-01-31T18:01:01+00:00","mainEntityOfPage":{"@id":"https:\/\/peruadventuretrek.com\/blog\/inti-raymi\/"},"wordCount":2987,"commentCount":0,"publisher":{"@id":"https:\/\/peruadventuretrek.com\/blog\/#organization"},"image":{"@id":"https:\/\/peruadventuretrek.com\/blog\/inti-raymi\/#primaryimage"},"thumbnailUrl":"https:\/\/i0.wp.com\/peruadventuretrek.com\/blog\/wp-content\/uploads\/2024\/01\/inti-raymi-Cusco-Peru-Adventure-Trek-2024.png?fit=1250%2C884&ssl=1","articleSection":["Cusco","Festividades y Eventos"],"inLanguage":"es","potentialAction":[{"@type":"CommentAction","name":"Comment","target":["https:\/\/peruadventuretrek.com\/blog\/inti-raymi\/#respond"]}]},{"@type":"WebPage","@id":"https:\/\/peruadventuretrek.com\/blog\/inti-raymi\/","url":"https:\/\/peruadventuretrek.com\/blog\/inti-raymi\/","name":"Inti Raymi \u2013 La Fiesta del dios Sol - Travel Blog PAT","isPartOf":{"@id":"https:\/\/peruadventuretrek.com\/blog\/#website"},"primaryImageOfPage":{"@id":"https:\/\/peruadventuretrek.com\/blog\/inti-raymi\/#primaryimage"},"image":{"@id":"https:\/\/peruadventuretrek.com\/blog\/inti-raymi\/#primaryimage"},"thumbnailUrl":"https:\/\/i0.wp.com\/peruadventuretrek.com\/blog\/wp-content\/uploads\/2024\/01\/inti-raymi-Cusco-Peru-Adventure-Trek-2024.png?fit=1250%2C884&ssl=1","datePublished":"2024-01-31T17:42:42+00:00","dateModified":"2024-01-31T18:01:01+00:00","breadcrumb":{"@id":"https:\/\/peruadventuretrek.com\/blog\/inti-raymi\/#breadcrumb"},"inLanguage":"es","potentialAction":[{"@type":"ReadAction","target":["https:\/\/peruadventuretrek.com\/blog\/inti-raymi\/"]}]},{"@type":"ImageObject","inLanguage":"es","@id":"https:\/\/peruadventuretrek.com\/blog\/inti-raymi\/#primaryimage","url":"https:\/\/i0.wp.com\/peruadventuretrek.com\/blog\/wp-content\/uploads\/2024\/01\/inti-raymi-Cusco-Peru-Adventure-Trek-2024.png?fit=1250%2C884&ssl=1","contentUrl":"https:\/\/i0.wp.com\/peruadventuretrek.com\/blog\/wp-content\/uploads\/2024\/01\/inti-raymi-Cusco-Peru-Adventure-Trek-2024.png?fit=1250%2C884&ssl=1","width":1250,"height":884},{"@type":"BreadcrumbList","@id":"https:\/\/peruadventuretrek.com\/blog\/inti-raymi\/#breadcrumb","itemListElement":[{"@type":"ListItem","position":1,"name":"Portada","item":"https:\/\/peruadventuretrek.com\/blog\/"},{"@type":"ListItem","position":2,"name":"Festividades y Eventos","item":"https:\/\/peruadventuretrek.com\/blog\/festividades-y-eventos\/"},{"@type":"ListItem","position":3,"name":"Inti Raymi \u2013 La Fiesta del dios Sol"}]},{"@type":"WebSite","@id":"https:\/\/peruadventuretrek.com\/blog\/#website","url":"https:\/\/peruadventuretrek.com\/blog\/","name":"Blog - Peru Adventure Trek","description":"","publisher":{"@id":"https:\/\/peruadventuretrek.com\/blog\/#organization"},"potentialAction":[{"@type":"SearchAction","target":{"@type":"EntryPoint","urlTemplate":"https:\/\/peruadventuretrek.com\/blog\/?s={search_term_string}"},"query-input":{"@type":"PropertyValueSpecification","valueRequired":true,"valueName":"search_term_string"}}],"inLanguage":"es"},{"@type":"Organization","@id":"https:\/\/peruadventuretrek.com\/blog\/#organization","name":"Peru Adventure Trek","url":"https:\/\/peruadventuretrek.com\/blog\/","logo":{"@type":"ImageObject","inLanguage":"es","@id":"https:\/\/peruadventuretrek.com\/blog\/#\/schema\/logo\/image\/","url":"https:\/\/i0.wp.com\/peruadventuretrek.com\/blog\/wp-content\/uploads\/2022\/09\/logofinal-PAT2.png?fit=1108%2C452&ssl=1","contentUrl":"https:\/\/i0.wp.com\/peruadventuretrek.com\/blog\/wp-content\/uploads\/2022\/09\/logofinal-PAT2.png?fit=1108%2C452&ssl=1","width":1108,"height":452,"caption":"Peru Adventure Trek"},"image":{"@id":"https:\/\/peruadventuretrek.com\/blog\/#\/schema\/logo\/image\/"},"sameAs":["https:\/\/www.facebook.com\/PeruAdventureTrek","https:\/\/x.com\/peruadventuretrek","https:\/\/www.instagram.com\/peruadventuretrek\/","https:\/\/www.tiktok.com\/@peruadventuretrek","https:\/\/www.youtube.com\/@PeruAdventureTrek","https:\/\/www.pinterest.com\/peruadventuretrek\/"]},{"@type":"Person","@id":"https:\/\/peruadventuretrek.com\/blog\/#\/schema\/person\/641492a5f5b9d340263924aa8c0ed100","name":"Peru Adventure Trek","image":{"@type":"ImageObject","inLanguage":"es","@id":"https:\/\/peruadventuretrek.com\/blog\/#\/schema\/person\/image\/","url":"https:\/\/secure.gravatar.com\/avatar\/72624e02bbba646b9a68bbf5313547b61d6d8bfe21acc1edbe25533a59a9c1bf?s=96&d=mm&r=g","contentUrl":"https:\/\/secure.gravatar.com\/avatar\/72624e02bbba646b9a68bbf5313547b61d6d8bfe21acc1edbe25533a59a9c1bf?s=96&d=mm&r=g","caption":"Peru Adventure Trek"},"sameAs":["http:\/\/localhost"],"url":"https:\/\/peruadventuretrek.com\/blog\/author\/richard\/"}]}},"lang":"es","translations":{"es":5740},"jetpack_featured_media_url":"https:\/\/i0.wp.com\/peruadventuretrek.com\/blog\/wp-content\/uploads\/2024\/01\/inti-raymi-Cusco-Peru-Adventure-Trek-2024.png?fit=1250%2C884&ssl=1","jetpack_sharing_enabled":true,"pll_sync_post":[],"_links":{"self":[{"href":"https:\/\/peruadventuretrek.com\/blog\/wp-json\/wp\/v2\/posts\/5740","targetHints":{"allow":["GET"]}}],"collection":[{"href":"https:\/\/peruadventuretrek.com\/blog\/wp-json\/wp\/v2\/posts"}],"about":[{"href":"https:\/\/peruadventuretrek.com\/blog\/wp-json\/wp\/v2\/types\/post"}],"author":[{"embeddable":true,"href":"https:\/\/peruadventuretrek.com\/blog\/wp-json\/wp\/v2\/users\/1"}],"replies":[{"embeddable":true,"href":"https:\/\/peruadventuretrek.com\/blog\/wp-json\/wp\/v2\/comments?post=5740"}],"version-history":[{"count":11,"href":"https:\/\/peruadventuretrek.com\/blog\/wp-json\/wp\/v2\/posts\/5740\/revisions"}],"predecessor-version":[{"id":5763,"href":"https:\/\/peruadventuretrek.com\/blog\/wp-json\/wp\/v2\/posts\/5740\/revisions\/5763"}],"wp:featuredmedia":[{"embeddable":true,"href":"https:\/\/peruadventuretrek.com\/blog\/wp-json\/wp\/v2\/media\/5761"}],"wp:attachment":[{"href":"https:\/\/peruadventuretrek.com\/blog\/wp-json\/wp\/v2\/media?parent=5740"}],"wp:term":[{"taxonomy":"category","embeddable":true,"href":"https:\/\/peruadventuretrek.com\/blog\/wp-json\/wp\/v2\/categories?post=5740"},{"taxonomy":"post_tag","embeddable":true,"href":"https:\/\/peruadventuretrek.com\/blog\/wp-json\/wp\/v2\/tags?post=5740"}],"curies":[{"name":"wp","href":"https:\/\/api.w.org\/{rel}","templated":true}]}}