{"id":4849,"date":"2023-04-03T19:14:55","date_gmt":"2023-04-03T19:14:55","guid":{"rendered":"https:\/\/peruadventuretrek.com\/blog\/?p=4849"},"modified":"2024-01-22T18:28:28","modified_gmt":"2024-01-22T18:28:28","slug":"inti-raymi-2023-fiesta-del-sol","status":"publish","type":"post","link":"https:\/\/peruadventuretrek.com\/blog\/inti-raymi-2023-fiesta-del-sol\/","title":{"rendered":"Inti Raymi 2024 | Fiesta del sol"},"content":{"rendered":"<p>\u00a1Ven a descubrir el incre\u00edble Inti Raymi, la tradicional y m\u00e1gica Fiesta del Sol en Cusco! Esta fiesta anual se celebra durante el solsticio de invierno y es una de las experiencias m\u00e1s memorables de Per\u00fa.<\/p>\n<h3 id=\"headline-323-1998\" class=\"ct-headline\"><span id=\"Que_es_el_Inti_Raymi\">\u00bfQu\u00e9 es el Inti Raymi?<\/span><\/h3>\n<div id=\"text_block-269-1998\" class=\"ct-text-block\">\n<p>El <a href=\"https:\/\/peruadventuretrek.com\/es\/inti-raymi-fiesta-del-sol-1-dia-2023\/\">Inti Raymi<\/a> es una antigua celebraci\u00f3n religiosa Inca, los Incas le rend\u00edan culto a su Dios:\u00a0<b>\u00abEl Inti o Sol\u00bb<\/b>. Antiguamente el Inti Raymi duraba unos 15 d\u00edas, se hac\u00edan sacrificios y se presentaban bailes o danzas para adorar al \u00abDios Sol\u00bb. El \u00faltimo Inti Raymi que se realiz\u00f3 con la presencia del Emperador Inca fue en el a\u00f1o de 1535; un a\u00f1o antes de \u00a8La Conquista Espa\u00f1ola\u00a8 el a\u00f1o de 1536.<\/p>\n<p>Actualmente el Inti Raymi es una representaci\u00f3n teatral, miles de cusque\u00f1os y personas de todas partes del mundo se dan cita a este acontecimiento que es una de las manifestaciones culturales y tradicionales m\u00e1s importantes en esta parte del mundo. Esta celebraci\u00f3n Inca hace que cada uno de nosotros sienta correr por sus venas la sangre Inca y revalore nuestro pasado.<\/p>\n<\/div>\n<div><\/div>\n<div><img data-recalc-dims=\"1\" decoding=\"async\" class=\"alignnone wp-image-4850 size-full\" src=\"https:\/\/i0.wp.com\/peruadventuretrek.com\/blog\/wp-content\/uploads\/2023\/04\/185-inti-raymi-koricancha-huacaypata-sacsayhuaman.jpg?ssl=1\" alt=\"\"   srcset=\"https:\/\/i0.wp.com\/peruadventuretrek.com\/blog\/wp-content\/uploads\/2023\/04\/185-inti-raymi-koricancha-huacaypata-sacsayhuaman.jpg?w=1024&amp;ssl=1 1024w, https:\/\/i0.wp.com\/peruadventuretrek.com\/blog\/wp-content\/uploads\/2023\/04\/185-inti-raymi-koricancha-huacaypata-sacsayhuaman.jpg?resize=300%2C117&amp;ssl=1 300w, https:\/\/i0.wp.com\/peruadventuretrek.com\/blog\/wp-content\/uploads\/2023\/04\/185-inti-raymi-koricancha-huacaypata-sacsayhuaman.jpg?resize=768%2C300&amp;ssl=1 768w\" sizes=\"(max-width: 1000px) 100vw, 1000px\" \/><\/div>\n<div><\/div>\n<div>\n<div id=\"div_block-270-1998\" class=\"ct-div-block\">\n<div id=\"_rich_text-327-1998\" class=\"oxy-rich-text\">\n<h3><span id=\"Que_significa_el_Sol_en_el_Inti_Raymi\">\u00bfQu\u00e9 significa el Sol en el Inti Raymi?<\/span><\/h3>\n<p><strong>El Sol en el Inti Raymi significa su mayor adoraci\u00f3n, su esencia y su fuente de vida<\/strong>. Es su dios supremo y uno de los astros m\u00e1s importantes dentro del mundo andino y es el que en esta festividad da inicio a un nuevo ciclo anual, lo que para nosotros es el a\u00f1o nuevo. Es por ello que al sol se le dedicaban ofrendas, tierras, templos, etc. porque era quien los alimentaba, por lo tanto, se le deb\u00eda respeto y adoraci\u00f3n.<\/p>\n<p>&nbsp;<\/p>\n<\/div>\n<\/div>\n<h3 id=\"headline-272-1998\" class=\"ct-headline\"><span id=\"Historia_del_Inti_Raymi\">Hist\u00f3ria del Inti Raymi<\/span><\/h3>\n<div id=\"text_block-273-1998\" class=\"ct-text-block\">El \u00abInti Raymi\u00bb o \u00abFiesta del Sol\u00bb era la festividad m\u00e1s grande, m\u00e1s importante, espectacular y magn\u00edfica llevada a cabo en los tiempos del Imperio del Tahuantinsuyo, el cual basaba su religi\u00f3n en el culto al Sol. El \u00abInti Raymi\u00bb fue creado para rendir culto al \u00abApu Inti\u00bb (Dios Sol) tambi\u00e9n conocido en ciertos sectores como \u201cApu P&#8217;unchau\u201d (Dios D\u00eda).<\/div>\n<\/div>\n<div>\n<div id=\"text_block-286-1998\" class=\"ct-text-block\">\n<p>Durante la \u00e9poca de la conquista, los s\u00fabditos del Inca siguieron festejando la fiesta a escondidas de las autoridades espa\u00f1olas y un mestizo llamado \u00abGarcilaso de la Vega\u00bb recopil\u00f3 lo mejor de esta fiesta y lo plasmo en su famosa obra \u00abComentarios Reales\u00bb<\/p>\n<p>La entrada del Inca a la Plaza de Armas o a la explanada de Saqsayhuaman estuvo siempre presidida por un grupo de \u201cAcllas\u201d que rociaban flores y a su vez estaban acompa\u00f1adas de los \u00abPichaq\u00bb, hombres que se encargaban de espantar con escobas de paja a los malos esp\u00edritus que podr\u00edan haber en el camino. El inca en todas sus actuaciones al aire libre estaba siempre acompa\u00f1ado por su \u201ckumillo\u201d, o jorobado enano que portaba la \u201cAchiwa\u201d, especie de paraguas o sombrilla hecha de plumas de colores.<\/p>\n<p>Otra parte de la celebraci\u00f3n del \u00abInti Raymi\u00bb consist\u00eda en la ceremonia del fuego nuevo. En esta parte de la ceremonia se cumpl\u00eda la orden del Inca de apagar el fuego en todos los fogones del Cusco y alrededores, con el prop\u00f3sito de encender el fuego nuevo que era repartido desde una fogata a todos los fogones de la ciudad. Esto en raz\u00f3n que las cocineras son expertas no solo en cocinar sino tambi\u00e9n en guardar el fuego entre las cenizas.<\/p>\n<\/div>\n<p id=\"headline-287-1998\" class=\"ct-headline\">\u00bfCuando y donde se celebra el <a href=\"https:\/\/peruadventuretrek.com\/es\/inti-raymi-fiesta-del-sol-1-dia-2023\/\">Inti Raymi<\/a>?<\/p>\n<div id=\"text_block-288-1998\" class=\"ct-text-block\">El Inti Raymi o fiesta del Sol se celebra cada 24 de junio de todos los a\u00f1os durante el solsticio de invierno, y se realiza en Cusco, Per\u00fa. Este d\u00eda es declarado feriado porque es una fiesta importante para la ciudad imperial.<\/div>\n<div id=\"_rich_text-345-1998\" class=\"oxy-rich-text\">\n<h3><span id=\"Cronograma_del_Inti_Raymi_2023\">Cronograma del Inti Raymi 2023<\/span><\/h3>\n<p>El d\u00eda 24 de junio en horas de la ma\u00f1ana comienza esta tradici\u00f3n Inca empezando su primera puesta en escena en el Templo Qoricancha o Santo Domingo, luego pasamos a la plaza mayor del Cusco y por \u00faltimo nos dirigimos a la explanada de Saqsayhuaman donde la puesta en escena tiene una duraci\u00f3n aproximada de 2 horas. Finalmente, esta\u00a0<strong>fiesta del sol<\/strong>\u00a0terminar al promediar las 3:30 p.m. , aunque puede extenderse unos minutos m\u00e1s.<\/p>\n<ul>\n<li>Recordemos que esta ceremonia se realiza en quechua, lengua originaria y ancestral de los Incas.<\/li>\n<\/ul>\n<div id=\"div_block-290-1998\" class=\"ct-div-block\">\n<div id=\"div_block-291-1998\" class=\"ct-div-block\">\n<ul>\n<li id=\"text_block-292-1998\" class=\"ct-text-block\"><b>INICIO: <\/b><b>09:00 a.m Templo del Qorikancha (Av. El Sol).<\/b><\/li>\n<li class=\"ct-text-block\"><strong>CEREMONIA:<\/strong> 10:30 a.m. Plaza del Hawqaypata (Plaza Mayor del cusco).<\/li>\n<li class=\"ct-text-block\"><strong>CEREMONIA CENTRAL:<\/strong> 01:45 p.m. Explanada Chukipampa &#8211; Sacsayhuaman.<\/li>\n<\/ul>\n<\/div>\n<\/div>\n<\/div>\n<div>\n<div id=\"_rich_text-348-1998\" class=\"oxy-rich-text\">\n<h3><span id=\"Recorrido_tradicional_del_Inti_Raymi\">Recorrido tradicional del Inti Raymi<\/span><\/h3>\n<\/div>\n<div id=\"text_block-352-1998\" class=\"ct-text-block\">\n<p>El recorrido tradicional de Inti Raymi se da en tres lugares hist\u00f3ricos e importantes del Cusco.<\/p>\n<p>1.\u00a0<u>Qorikancha o Templo del Sol<\/u>, inicio del recorrido del Inti Raymi con la ceremonia denominada\u00a0<b>\u00abSaludo al Sol\u00bb<\/b>. En esta zona se realizan los primero rituales. Duraci\u00f3n aprox. de 1hora.<br \/>\n2.\u00a0<u>Plaza Mayor del Cusco o Huaqaypata<\/u>, es el segundo punto de celebraci\u00f3n del Inti Raymi. Aqu\u00ed se desarrolla la ceremonia\u00a0\u00a0<b>\u00abEncuentro de los tiempos y ceremonia de la hoja de coca\u00bb<\/b>, donde el Inca y su s\u00e9quito se re\u00fanen en el gran<b>\u00a0ushnu<\/b>\u00a0o escenario ceremonial. Esta puesta en escena mayormente la visualizan de pie . Duraci\u00f3n aprox. de 1hora.<br \/>\n3.\u00a0<u>Explanada de\u00a0Sacsayhuam\u00e1n,<\/u>\u00a0es el tercer epicentro del <a href=\"https:\/\/peruadventuretrek.com\/es\/inti-raymi-fiesta-del-sol-1-dia-2023\/\">Inti Raymi<\/a> y la ceremonia central. Podr\u00e1s visualizar la realizaci\u00f3n del rito de la\u00a0<b>chicha,<\/b>\u00a0la bebida milenaria de los Incas y tambi\u00e9n el sacrificio simb\u00f3lico de una llama. Duraci\u00f3n aprox. de 2horas.<\/p>\n<p>La primera y segunda escenificaci\u00f3n son gratuitas as\u00ed que procuren ir temprano ya que seguramente habr\u00e1 un gran cumulo de gente. La tercera puesta en escena requiere de la compra de boletos electr\u00f3nicos en la pagina del EMUFEC, si tienes dificultades con la compra de estos boletos comun\u00edcate con <a href=\"mailto:info@peruadventuretrek.com\">info@peruadventuretrek.com<\/a> que gustosamente podr\u00e1 ayudarte.<\/p>\n<\/div>\n<\/div>\n<div><\/div>\n<\/div>\n<div><img data-recalc-dims=\"1\" decoding=\"async\" class=\"alignnone wp-image-4853 size-full\" src=\"https:\/\/i0.wp.com\/peruadventuretrek.com\/blog\/wp-content\/uploads\/2023\/04\/mapa-tour-inti-raymi-full-2023.png?ssl=1\" alt=\"\"   srcset=\"https:\/\/i0.wp.com\/peruadventuretrek.com\/blog\/wp-content\/uploads\/2023\/04\/mapa-tour-inti-raymi-full-2023.png?w=4000&amp;ssl=1 4000w, https:\/\/i0.wp.com\/peruadventuretrek.com\/blog\/wp-content\/uploads\/2023\/04\/mapa-tour-inti-raymi-full-2023.png?resize=300%2C200&amp;ssl=1 300w, https:\/\/i0.wp.com\/peruadventuretrek.com\/blog\/wp-content\/uploads\/2023\/04\/mapa-tour-inti-raymi-full-2023.png?resize=1024%2C682&amp;ssl=1 1024w, https:\/\/i0.wp.com\/peruadventuretrek.com\/blog\/wp-content\/uploads\/2023\/04\/mapa-tour-inti-raymi-full-2023.png?resize=768%2C512&amp;ssl=1 768w, https:\/\/i0.wp.com\/peruadventuretrek.com\/blog\/wp-content\/uploads\/2023\/04\/mapa-tour-inti-raymi-full-2023.png?resize=1536%2C1023&amp;ssl=1 1536w, https:\/\/i0.wp.com\/peruadventuretrek.com\/blog\/wp-content\/uploads\/2023\/04\/mapa-tour-inti-raymi-full-2023.png?resize=2048%2C1364&amp;ssl=1 2048w, https:\/\/i0.wp.com\/peruadventuretrek.com\/blog\/wp-content\/uploads\/2023\/04\/mapa-tour-inti-raymi-full-2023.png?w=3000&amp;ssl=1 3000w\" sizes=\"(max-width: 1000px) 100vw, 1000px\" \/><\/div>\n<div>\n<div id=\"_rich_text-328-1998\" class=\"oxy-rich-text\">\n<h3><span id=\"Ubicacion_de_las_Tribunas_del_Inti_Raymi\">Ubicaci\u00f3n de las Tribunas del Inti Raymi<\/span><\/h3>\n<\/div>\n<div id=\"_rich_text-350-1998\" class=\"oxy-rich-text\">\n<p>La zona VIP est\u00e1 formado por tres tribunas y son las que mejores vistan ofrecen para apreciar esta festividad.<\/p>\n<ul>\n<li><strong>Tribuna Naranja,\u00a0<\/strong>es una de las mejores y m\u00e1s solicitadas zonas para ver el Inti Raymi, ya que est\u00e1 justo frente al\u00a0<strong>Ushnu o escenario<\/strong>, si te encuentras en esta zona definitivamente podr\u00e1s apreciar todas las etapas de esta puesta en escena. Tiene una capacidad de 1768 personas.<\/li>\n<li><strong>Tribuna Azul,\u00a0<\/strong>tiene una capacidad de 1188 personas.<\/li>\n<li><strong>Tribuna Verde,\u00a0<\/strong>tiene una capacidad de 810 personas.<\/li>\n<\/ul>\n<p>Cualquiera de estas tribunas ofrece una vista \u00fanica para ver el Inti Raymi, ya que la explanada de Saqsayhuaman es un lugar amplio y abierto, por lo tanto, no est\u00e9s muy preocupado por ello, en\u00a0<strong>cuscoperu.com<\/strong>\u00a0tendr\u00e1s tu ingreso asegurado al Inti Raymi con nuestros diversos tours y paquetes tur\u00edsticos con seguridad ser\u00e1 una experiencia incre\u00edble y crearas lindos recuerdos.<\/p>\n<p><img data-recalc-dims=\"1\" loading=\"lazy\" decoding=\"async\" class=\"alignnone wp-image-4852 size-full\" src=\"https:\/\/i0.wp.com\/peruadventuretrek.com\/blog\/wp-content\/uploads\/2023\/04\/tribunas-inti-raymi.jpg?resize=740%2C420&#038;ssl=1\" alt=\"\" width=\"740\" height=\"420\" srcset=\"https:\/\/i0.wp.com\/peruadventuretrek.com\/blog\/wp-content\/uploads\/2023\/04\/tribunas-inti-raymi.jpg?w=740&amp;ssl=1 740w, https:\/\/i0.wp.com\/peruadventuretrek.com\/blog\/wp-content\/uploads\/2023\/04\/tribunas-inti-raymi.jpg?resize=300%2C170&amp;ssl=1 300w\" sizes=\"auto, (max-width: 740px) 100vw, 740px\" \/><\/p>\n<\/div>\n<h3 id=\"headline-311-1998\" class=\"ct-headline\"><span id=\"5_Razones_para_no_perderse_el_Inti_Raymi\">5 Razones para no perderse el Inti Raymi<\/span><\/h3>\n<div id=\"_rich_text-312-1998\" class=\"oxy-rich-text\">\n<ol>\n<li>Es el 24 de junio y Cusco est\u00e1 en su mayor apogeo. Es el mes en que Cusco recibe m\u00e1s turistas que el resto del a\u00f1o. Existe la oportunidad de hacer mucho m\u00e1s, de conocer gente de distintos lugares y as\u00ed intercambiar experiencias y an\u00e9cdotas.<\/li>\n<li>Cada 24 de junio, d\u00eda en que el sol se encuentra en su punto m\u00e1s distante de la tierra y que adem\u00e1s coincide con el solsticio de invierno, se celebra el Inti Raymi o \u201cfiesta del Sol\u201d en<a href=\"https:\/\/peruadventuretrek.com\/es\/city-tour-en-cusco\/\"> Sacsayhuaman<\/a>, de fundamental importancia en el incanato. Es el d\u00eda que se siente m\u00e1s frio en Cusco, el clima por la ma\u00f1ana es soleado. Es tiempo de helada, por lo que se recomienda siempre llevar algo abrigador para cuando caiga la noche.<\/li>\n<li>La representaci\u00f3n de cada uno de los artistas es intachable. \u00ab<em>Robert Paucara<\/em>\u00a0Churana\u00bb es el nombre de quien interpretara al Inca. Todos estos actores y actrices cusque\u00f1os de nacimiento estar\u00e1n vestidos con trajes Inca, en su mayor\u00eda hechos con lana de oveja, alpaca, etc. Tal cual como era en tiempos Inca.<\/li>\n<li>Se oyen canticos andinos en quechua, adoraciones al \u00abDios Sol\u00bb. Las \u00a8<strong>Acllas<\/strong>\u00a8 mujeres de singular belleza escogidas para servir al Inca y al Dios Sol o Inti, son quienes se encargan de adorar a su dios con voces dulces. El Inca habla con el sol, tambi\u00e9n en quechua, como en tiempos antiguos.<\/li>\n<li>Se recorren 3 lugares de gran importancia dentro de la ciudad del Cusco: El saludo al sol, en el antiguo\u00a0<strong>Templo de Qorikancha<\/strong>, hoy Convento de Santo Domingo. Luego se produce el encuentro de dos tiempos, en el\u00a0<strong>Haucaypata o Plaza Mayor<\/strong>, entre el Inca y el actual Alcalde de Cusco. Y por \u00faltimo cumina la ceremonia central en la\u00a0<strong>\u00abExplanada de Saqsayhuaman\u00bb<\/strong>.<\/li>\n<\/ol>\n<p>Finalmente, cabe mencionar que la ley N\u00b0 27431, de fecha 3 de Marzo del 2001, reconoce que el \u00abInti Raymi\u00bb celebrado el 24 de junio de cada a\u00f1o en la ciudad del Cusco, Capital Hist\u00f3rica del Per\u00fa, constituye\u00a0<strong>Patrimonio Cultural de la Naci\u00f3n<\/strong>, Acto Oficial y Principal Ceremonia Ritual de Identidad Nacional.<\/p>\n<\/div>\n<\/div>\n<p><img data-recalc-dims=\"1\" loading=\"lazy\" decoding=\"async\" class=\"alignnone wp-image-4851 size-full\" src=\"https:\/\/i0.wp.com\/peruadventuretrek.com\/blog\/wp-content\/uploads\/2023\/04\/ceremonia-del-inti-raymi.jpg?resize=630%2C420&#038;ssl=1\" alt=\"\" width=\"630\" height=\"420\" srcset=\"https:\/\/i0.wp.com\/peruadventuretrek.com\/blog\/wp-content\/uploads\/2023\/04\/ceremonia-del-inti-raymi.jpg?w=630&amp;ssl=1 630w, https:\/\/i0.wp.com\/peruadventuretrek.com\/blog\/wp-content\/uploads\/2023\/04\/ceremonia-del-inti-raymi.jpg?resize=300%2C200&amp;ssl=1 300w\" sizes=\"auto, (max-width: 630px) 100vw, 630px\" \/><\/p>\n<p>&nbsp;<\/p>\n<h3 id=\"headline-315-1998\" class=\"ct-headline\"><span id=\"Recomendaciones\">Recomendaciones:<\/span><\/h3>\n<div id=\"_rich_text-316-1998\" class=\"oxy-rich-text\">\n<ol>\n<li><strong>Aseg\u00farate con tu ingreso .-\u00a0<\/strong>Si quieres estar c\u00f3modo, el Inti Raymi es una fiesta en la cual la mayor\u00eda se queda parado, muchas personas de Cusco y fuera del pa\u00eds se llevan un banquito para no estar parados todo el tiempo. En\u00a0CuscoPeru.com\u00a0tenemos una variedad de tours, pero como hablamos del \u00abInti Raymi\u00bb queremos que su viaje sea inolvidable, es por eso que hemos organizado un tour especial para esta festividad.<br \/>\nHaz tu reserva aqu\u00ed: <a href=\"https:\/\/peruadventuretrek.com\/es\/inti-raymi-fiesta-del-sol-1-dia-2023\/\">TOUR \u00abINTI RAYMI<\/a>\u00bb 2023<\/li>\n<li><strong>\u00a1Como quema el sol! .-\u00a0<\/strong>Aun no se ha visto un Inti Raymi sin sol. Este d\u00eda siempre fue soleado, por lo que no puedes olvidar aplicarte un bloqueador solar, y no solo al rostro, es mejor a todas las partes de tu cuerpo que estar\u00e1n descubiertas como los brazos, el cuello, las orejas, etc. Asimismo, mant\u00e9n un bloqueador solar a la mano, se recomienda ponerse cada 45 minutos. Adicional a esto, debes usar gafas de sol y un gorro o sombrero; no es novedad que los rayos ultravioleta cada vez nos atacan m\u00e1s.<\/li>\n<li><strong>Prendas c\u00f3modas .-\u00a0<\/strong>Es muy probable que este d\u00eda sea caluroso y llevar casacas ser\u00eda un punto en contra nuestra. Un buen par de zapatillas para caminar mucho, el Inti Raymi dura por lo menos 7 horas, as\u00ed que debes ir preparado. Las estad\u00edsticas del clima indican que ser\u00e1 un d\u00eda soleado, v\u00edstete con algo que no te haga sentir ni frio ni calor, tu comodidad es lo primero.<\/li>\n<li><strong>Ll\u00e9vate alguna bebida hidratante .-\u00a0<\/strong>Durante el recorrido hay se\u00f1oras que venden diferentes tipos de alimentos, por lo general suelen aprovechar que el turista est\u00e1 desesperado por comprar algo y suben los precios, es mejor ir preparado, y comprar bebidas y algunos snacks antes de partir, as\u00ed se evitar\u00e1n problemas y sobregastos.<\/li>\n<li><strong>Siempre alerta de los objetos personales .-\u00a0<\/strong>Personas no deseables siempre est\u00e1n al asecho de v\u00edctimas, est\u00e1n en todo lugar. Suelen aprovechar la multitud para meter la mano a los bolsillos y\/o las mochilas. <a href=\"http:\/\/peruadventuretrek.com\">www.peruadventuretrek.com<\/a>\u00a0te recomienda que no lleves cosas de valor dentro de las mochilas y\/o carteras.<\/li>\n<\/ol>\n<\/div>\n","protected":false},"excerpt":{"rendered":"<p>\u00a1Ven a descubrir el incre\u00edble Inti Raymi, la tradicional y m\u00e1gica Fiesta del Sol en Cusco! Esta fiesta anual se celebra durante el solsticio de invierno y es una de las experiencias m\u00e1s memorables de Per\u00fa. \u00bfQu\u00e9 es el Inti Raymi? El Inti Raymi es una antigua celebraci\u00f3n religiosa Inca, los Incas le rend\u00edan culto [&hellip;]<\/p>\n","protected":false},"author":1,"featured_media":4861,"comment_status":"open","ping_status":"open","sticky":false,"template":"","format":"standard","meta":{"_jetpack_memberships_contains_paid_content":false,"footnotes":""},"categories":[44,50],"tags":[],"class_list":["post-4849","post","type-post","status-publish","format-standard","has-post-thumbnail","hentry","category-festividades-y-eventos","category-popular"],"yoast_head":"<!-- This site is optimized with the Yoast SEO Premium plugin v22.6 (Yoast SEO v27.0) - https:\/\/yoast.com\/product\/yoast-seo-premium-wordpress\/ -->\n<title>Inti Raymi 2024 | Fiesta del sol - Travel Blog PAT<\/title>\n<meta name=\"robots\" content=\"index, follow, max-snippet:-1, max-image-preview:large, max-video-preview:-1\" \/>\n<link rel=\"canonical\" href=\"https:\/\/peruadventuretrek.com\/blog\/inti-raymi-2023-fiesta-del-sol\/\" \/>\n<meta property=\"og:locale\" content=\"es_ES\" \/>\n<meta property=\"og:type\" content=\"article\" \/>\n<meta property=\"og:title\" content=\"Inti Raymi 2024 | Fiesta del sol\" \/>\n<meta property=\"og:description\" content=\"\u00a1Ven a descubrir el incre\u00edble Inti Raymi, la tradicional y m\u00e1gica Fiesta del Sol en Cusco! Esta fiesta anual se celebra durante el solsticio de invierno y es una de las experiencias m\u00e1s memorables de Per\u00fa. \u00bfQu\u00e9 es el Inti Raymi? El Inti Raymi es una antigua celebraci\u00f3n religiosa Inca, los Incas le rend\u00edan culto [&hellip;]\" \/>\n<meta property=\"og:url\" content=\"https:\/\/peruadventuretrek.com\/blog\/inti-raymi-2023-fiesta-del-sol\/\" \/>\n<meta property=\"og:site_name\" content=\"Travel Blog PAT\" \/>\n<meta property=\"article:publisher\" content=\"https:\/\/www.facebook.com\/PeruAdventureTrek\" \/>\n<meta property=\"article:published_time\" content=\"2023-04-03T19:14:55+00:00\" \/>\n<meta property=\"article:modified_time\" content=\"2024-01-22T18:28:28+00:00\" \/>\n<meta property=\"og:image\" content=\"https:\/\/i0.wp.com\/peruadventuretrek.com\/blog\/wp-content\/uploads\/2023\/04\/Inti-raymi-2023-Cusco-Peru.jpg?fit=1920%2C1258&ssl=1\" \/>\n\t<meta property=\"og:image:width\" content=\"1920\" \/>\n\t<meta property=\"og:image:height\" content=\"1258\" \/>\n\t<meta property=\"og:image:type\" content=\"image\/jpeg\" \/>\n<meta name=\"author\" content=\"Peru Adventure Trek\" \/>\n<meta name=\"twitter:card\" content=\"summary_large_image\" \/>\n<meta name=\"twitter:creator\" content=\"@peruadventuretrek\" \/>\n<meta name=\"twitter:site\" content=\"@peruadventuretrek\" \/>\n<meta name=\"twitter:label1\" content=\"Escrito por\" \/>\n\t<meta name=\"twitter:data1\" content=\"Peru Adventure Trek\" \/>\n\t<meta name=\"twitter:label2\" content=\"Tiempo de lectura\" \/>\n\t<meta name=\"twitter:data2\" content=\"10 minutos\" \/>\n<script type=\"application\/ld+json\" class=\"yoast-schema-graph\">{\"@context\":\"https:\/\/schema.org\",\"@graph\":[{\"@type\":\"Article\",\"@id\":\"https:\/\/peruadventuretrek.com\/blog\/inti-raymi-2023-fiesta-del-sol\/#article\",\"isPartOf\":{\"@id\":\"https:\/\/peruadventuretrek.com\/blog\/inti-raymi-2023-fiesta-del-sol\/\"},\"author\":{\"name\":\"Peru Adventure Trek\",\"@id\":\"https:\/\/peruadventuretrek.com\/blog\/#\/schema\/person\/641492a5f5b9d340263924aa8c0ed100\"},\"headline\":\"Inti Raymi 2024 | Fiesta del sol\",\"datePublished\":\"2023-04-03T19:14:55+00:00\",\"dateModified\":\"2024-01-22T18:28:28+00:00\",\"mainEntityOfPage\":{\"@id\":\"https:\/\/peruadventuretrek.com\/blog\/inti-raymi-2023-fiesta-del-sol\/\"},\"wordCount\":1863,\"commentCount\":0,\"publisher\":{\"@id\":\"https:\/\/peruadventuretrek.com\/blog\/#organization\"},\"image\":{\"@id\":\"https:\/\/peruadventuretrek.com\/blog\/inti-raymi-2023-fiesta-del-sol\/#primaryimage\"},\"thumbnailUrl\":\"https:\/\/i0.wp.com\/peruadventuretrek.com\/blog\/wp-content\/uploads\/2023\/04\/Inti-raymi-2023-Cusco-Peru.jpg?fit=1920%2C1258&ssl=1\",\"articleSection\":[\"Festividades y Eventos\",\"Popular\"],\"inLanguage\":\"es\",\"potentialAction\":[{\"@type\":\"CommentAction\",\"name\":\"Comment\",\"target\":[\"https:\/\/peruadventuretrek.com\/blog\/inti-raymi-2023-fiesta-del-sol\/#respond\"]}]},{\"@type\":\"WebPage\",\"@id\":\"https:\/\/peruadventuretrek.com\/blog\/inti-raymi-2023-fiesta-del-sol\/\",\"url\":\"https:\/\/peruadventuretrek.com\/blog\/inti-raymi-2023-fiesta-del-sol\/\",\"name\":\"Inti Raymi 2024 | Fiesta del sol - Travel Blog PAT\",\"isPartOf\":{\"@id\":\"https:\/\/peruadventuretrek.com\/blog\/#website\"},\"primaryImageOfPage\":{\"@id\":\"https:\/\/peruadventuretrek.com\/blog\/inti-raymi-2023-fiesta-del-sol\/#primaryimage\"},\"image\":{\"@id\":\"https:\/\/peruadventuretrek.com\/blog\/inti-raymi-2023-fiesta-del-sol\/#primaryimage\"},\"thumbnailUrl\":\"https:\/\/i0.wp.com\/peruadventuretrek.com\/blog\/wp-content\/uploads\/2023\/04\/Inti-raymi-2023-Cusco-Peru.jpg?fit=1920%2C1258&ssl=1\",\"datePublished\":\"2023-04-03T19:14:55+00:00\",\"dateModified\":\"2024-01-22T18:28:28+00:00\",\"breadcrumb\":{\"@id\":\"https:\/\/peruadventuretrek.com\/blog\/inti-raymi-2023-fiesta-del-sol\/#breadcrumb\"},\"inLanguage\":\"es\",\"potentialAction\":[{\"@type\":\"ReadAction\",\"target\":[\"https:\/\/peruadventuretrek.com\/blog\/inti-raymi-2023-fiesta-del-sol\/\"]}]},{\"@type\":\"ImageObject\",\"inLanguage\":\"es\",\"@id\":\"https:\/\/peruadventuretrek.com\/blog\/inti-raymi-2023-fiesta-del-sol\/#primaryimage\",\"url\":\"https:\/\/i0.wp.com\/peruadventuretrek.com\/blog\/wp-content\/uploads\/2023\/04\/Inti-raymi-2023-Cusco-Peru.jpg?fit=1920%2C1258&ssl=1\",\"contentUrl\":\"https:\/\/i0.wp.com\/peruadventuretrek.com\/blog\/wp-content\/uploads\/2023\/04\/Inti-raymi-2023-Cusco-Peru.jpg?fit=1920%2C1258&ssl=1\",\"width\":1920,\"height\":1258},{\"@type\":\"BreadcrumbList\",\"@id\":\"https:\/\/peruadventuretrek.com\/blog\/inti-raymi-2023-fiesta-del-sol\/#breadcrumb\",\"itemListElement\":[{\"@type\":\"ListItem\",\"position\":1,\"name\":\"Portada\",\"item\":\"https:\/\/peruadventuretrek.com\/blog\/\"},{\"@type\":\"ListItem\",\"position\":2,\"name\":\"Festividades y Eventos\",\"item\":\"https:\/\/peruadventuretrek.com\/blog\/festividades-y-eventos\/\"},{\"@type\":\"ListItem\",\"position\":3,\"name\":\"Inti Raymi 2024 | Fiesta del sol\"}]},{\"@type\":\"WebSite\",\"@id\":\"https:\/\/peruadventuretrek.com\/blog\/#website\",\"url\":\"https:\/\/peruadventuretrek.com\/blog\/\",\"name\":\"Blog - Peru Adventure Trek\",\"description\":\"\",\"publisher\":{\"@id\":\"https:\/\/peruadventuretrek.com\/blog\/#organization\"},\"potentialAction\":[{\"@type\":\"SearchAction\",\"target\":{\"@type\":\"EntryPoint\",\"urlTemplate\":\"https:\/\/peruadventuretrek.com\/blog\/?s={search_term_string}\"},\"query-input\":{\"@type\":\"PropertyValueSpecification\",\"valueRequired\":true,\"valueName\":\"search_term_string\"}}],\"inLanguage\":\"es\"},{\"@type\":\"Organization\",\"@id\":\"https:\/\/peruadventuretrek.com\/blog\/#organization\",\"name\":\"Peru Adventure Trek\",\"url\":\"https:\/\/peruadventuretrek.com\/blog\/\",\"logo\":{\"@type\":\"ImageObject\",\"inLanguage\":\"es\",\"@id\":\"https:\/\/peruadventuretrek.com\/blog\/#\/schema\/logo\/image\/\",\"url\":\"https:\/\/i0.wp.com\/peruadventuretrek.com\/blog\/wp-content\/uploads\/2022\/09\/logofinal-PAT2.png?fit=1108%2C452&ssl=1\",\"contentUrl\":\"https:\/\/i0.wp.com\/peruadventuretrek.com\/blog\/wp-content\/uploads\/2022\/09\/logofinal-PAT2.png?fit=1108%2C452&ssl=1\",\"width\":1108,\"height\":452,\"caption\":\"Peru Adventure Trek\"},\"image\":{\"@id\":\"https:\/\/peruadventuretrek.com\/blog\/#\/schema\/logo\/image\/\"},\"sameAs\":[\"https:\/\/www.facebook.com\/PeruAdventureTrek\",\"https:\/\/x.com\/peruadventuretrek\",\"https:\/\/www.instagram.com\/peruadventuretrek\/\",\"https:\/\/www.tiktok.com\/@peruadventuretrek\",\"https:\/\/www.youtube.com\/@PeruAdventureTrek\",\"https:\/\/www.pinterest.com\/peruadventuretrek\/\"]},{\"@type\":\"Person\",\"@id\":\"https:\/\/peruadventuretrek.com\/blog\/#\/schema\/person\/641492a5f5b9d340263924aa8c0ed100\",\"name\":\"Peru Adventure Trek\",\"image\":{\"@type\":\"ImageObject\",\"inLanguage\":\"es\",\"@id\":\"https:\/\/peruadventuretrek.com\/blog\/#\/schema\/person\/image\/\",\"url\":\"https:\/\/secure.gravatar.com\/avatar\/72624e02bbba646b9a68bbf5313547b61d6d8bfe21acc1edbe25533a59a9c1bf?s=96&d=mm&r=g\",\"contentUrl\":\"https:\/\/secure.gravatar.com\/avatar\/72624e02bbba646b9a68bbf5313547b61d6d8bfe21acc1edbe25533a59a9c1bf?s=96&d=mm&r=g\",\"caption\":\"Peru Adventure Trek\"},\"sameAs\":[\"http:\/\/localhost\"],\"url\":\"https:\/\/peruadventuretrek.com\/blog\/author\/richard\/\"}]}<\/script>\n<!-- \/ Yoast SEO Premium plugin. -->","yoast_head_json":{"title":"Inti Raymi 2024 | Fiesta del sol - Travel Blog PAT","robots":{"index":"index","follow":"follow","max-snippet":"max-snippet:-1","max-image-preview":"max-image-preview:large","max-video-preview":"max-video-preview:-1"},"canonical":"https:\/\/peruadventuretrek.com\/blog\/inti-raymi-2023-fiesta-del-sol\/","og_locale":"es_ES","og_type":"article","og_title":"Inti Raymi 2024 | Fiesta del sol","og_description":"\u00a1Ven a descubrir el incre\u00edble Inti Raymi, la tradicional y m\u00e1gica Fiesta del Sol en Cusco! Esta fiesta anual se celebra durante el solsticio de invierno y es una de las experiencias m\u00e1s memorables de Per\u00fa. \u00bfQu\u00e9 es el Inti Raymi? El Inti Raymi es una antigua celebraci\u00f3n religiosa Inca, los Incas le rend\u00edan culto [&hellip;]","og_url":"https:\/\/peruadventuretrek.com\/blog\/inti-raymi-2023-fiesta-del-sol\/","og_site_name":"Travel Blog PAT","article_publisher":"https:\/\/www.facebook.com\/PeruAdventureTrek","article_published_time":"2023-04-03T19:14:55+00:00","article_modified_time":"2024-01-22T18:28:28+00:00","og_image":[{"width":1920,"height":1258,"url":"https:\/\/i0.wp.com\/peruadventuretrek.com\/blog\/wp-content\/uploads\/2023\/04\/Inti-raymi-2023-Cusco-Peru.jpg?fit=1920%2C1258&ssl=1","type":"image\/jpeg"}],"author":"Peru Adventure Trek","twitter_card":"summary_large_image","twitter_creator":"@peruadventuretrek","twitter_site":"@peruadventuretrek","twitter_misc":{"Escrito por":"Peru Adventure Trek","Tiempo de lectura":"10 minutos"},"schema":{"@context":"https:\/\/schema.org","@graph":[{"@type":"Article","@id":"https:\/\/peruadventuretrek.com\/blog\/inti-raymi-2023-fiesta-del-sol\/#article","isPartOf":{"@id":"https:\/\/peruadventuretrek.com\/blog\/inti-raymi-2023-fiesta-del-sol\/"},"author":{"name":"Peru Adventure Trek","@id":"https:\/\/peruadventuretrek.com\/blog\/#\/schema\/person\/641492a5f5b9d340263924aa8c0ed100"},"headline":"Inti Raymi 2024 | Fiesta del sol","datePublished":"2023-04-03T19:14:55+00:00","dateModified":"2024-01-22T18:28:28+00:00","mainEntityOfPage":{"@id":"https:\/\/peruadventuretrek.com\/blog\/inti-raymi-2023-fiesta-del-sol\/"},"wordCount":1863,"commentCount":0,"publisher":{"@id":"https:\/\/peruadventuretrek.com\/blog\/#organization"},"image":{"@id":"https:\/\/peruadventuretrek.com\/blog\/inti-raymi-2023-fiesta-del-sol\/#primaryimage"},"thumbnailUrl":"https:\/\/i0.wp.com\/peruadventuretrek.com\/blog\/wp-content\/uploads\/2023\/04\/Inti-raymi-2023-Cusco-Peru.jpg?fit=1920%2C1258&ssl=1","articleSection":["Festividades y Eventos","Popular"],"inLanguage":"es","potentialAction":[{"@type":"CommentAction","name":"Comment","target":["https:\/\/peruadventuretrek.com\/blog\/inti-raymi-2023-fiesta-del-sol\/#respond"]}]},{"@type":"WebPage","@id":"https:\/\/peruadventuretrek.com\/blog\/inti-raymi-2023-fiesta-del-sol\/","url":"https:\/\/peruadventuretrek.com\/blog\/inti-raymi-2023-fiesta-del-sol\/","name":"Inti Raymi 2024 | Fiesta del sol - Travel Blog PAT","isPartOf":{"@id":"https:\/\/peruadventuretrek.com\/blog\/#website"},"primaryImageOfPage":{"@id":"https:\/\/peruadventuretrek.com\/blog\/inti-raymi-2023-fiesta-del-sol\/#primaryimage"},"image":{"@id":"https:\/\/peruadventuretrek.com\/blog\/inti-raymi-2023-fiesta-del-sol\/#primaryimage"},"thumbnailUrl":"https:\/\/i0.wp.com\/peruadventuretrek.com\/blog\/wp-content\/uploads\/2023\/04\/Inti-raymi-2023-Cusco-Peru.jpg?fit=1920%2C1258&ssl=1","datePublished":"2023-04-03T19:14:55+00:00","dateModified":"2024-01-22T18:28:28+00:00","breadcrumb":{"@id":"https:\/\/peruadventuretrek.com\/blog\/inti-raymi-2023-fiesta-del-sol\/#breadcrumb"},"inLanguage":"es","potentialAction":[{"@type":"ReadAction","target":["https:\/\/peruadventuretrek.com\/blog\/inti-raymi-2023-fiesta-del-sol\/"]}]},{"@type":"ImageObject","inLanguage":"es","@id":"https:\/\/peruadventuretrek.com\/blog\/inti-raymi-2023-fiesta-del-sol\/#primaryimage","url":"https:\/\/i0.wp.com\/peruadventuretrek.com\/blog\/wp-content\/uploads\/2023\/04\/Inti-raymi-2023-Cusco-Peru.jpg?fit=1920%2C1258&ssl=1","contentUrl":"https:\/\/i0.wp.com\/peruadventuretrek.com\/blog\/wp-content\/uploads\/2023\/04\/Inti-raymi-2023-Cusco-Peru.jpg?fit=1920%2C1258&ssl=1","width":1920,"height":1258},{"@type":"BreadcrumbList","@id":"https:\/\/peruadventuretrek.com\/blog\/inti-raymi-2023-fiesta-del-sol\/#breadcrumb","itemListElement":[{"@type":"ListItem","position":1,"name":"Portada","item":"https:\/\/peruadventuretrek.com\/blog\/"},{"@type":"ListItem","position":2,"name":"Festividades y Eventos","item":"https:\/\/peruadventuretrek.com\/blog\/festividades-y-eventos\/"},{"@type":"ListItem","position":3,"name":"Inti Raymi 2024 | Fiesta del sol"}]},{"@type":"WebSite","@id":"https:\/\/peruadventuretrek.com\/blog\/#website","url":"https:\/\/peruadventuretrek.com\/blog\/","name":"Blog - Peru Adventure Trek","description":"","publisher":{"@id":"https:\/\/peruadventuretrek.com\/blog\/#organization"},"potentialAction":[{"@type":"SearchAction","target":{"@type":"EntryPoint","urlTemplate":"https:\/\/peruadventuretrek.com\/blog\/?s={search_term_string}"},"query-input":{"@type":"PropertyValueSpecification","valueRequired":true,"valueName":"search_term_string"}}],"inLanguage":"es"},{"@type":"Organization","@id":"https:\/\/peruadventuretrek.com\/blog\/#organization","name":"Peru Adventure Trek","url":"https:\/\/peruadventuretrek.com\/blog\/","logo":{"@type":"ImageObject","inLanguage":"es","@id":"https:\/\/peruadventuretrek.com\/blog\/#\/schema\/logo\/image\/","url":"https:\/\/i0.wp.com\/peruadventuretrek.com\/blog\/wp-content\/uploads\/2022\/09\/logofinal-PAT2.png?fit=1108%2C452&ssl=1","contentUrl":"https:\/\/i0.wp.com\/peruadventuretrek.com\/blog\/wp-content\/uploads\/2022\/09\/logofinal-PAT2.png?fit=1108%2C452&ssl=1","width":1108,"height":452,"caption":"Peru Adventure Trek"},"image":{"@id":"https:\/\/peruadventuretrek.com\/blog\/#\/schema\/logo\/image\/"},"sameAs":["https:\/\/www.facebook.com\/PeruAdventureTrek","https:\/\/x.com\/peruadventuretrek","https:\/\/www.instagram.com\/peruadventuretrek\/","https:\/\/www.tiktok.com\/@peruadventuretrek","https:\/\/www.youtube.com\/@PeruAdventureTrek","https:\/\/www.pinterest.com\/peruadventuretrek\/"]},{"@type":"Person","@id":"https:\/\/peruadventuretrek.com\/blog\/#\/schema\/person\/641492a5f5b9d340263924aa8c0ed100","name":"Peru Adventure Trek","image":{"@type":"ImageObject","inLanguage":"es","@id":"https:\/\/peruadventuretrek.com\/blog\/#\/schema\/person\/image\/","url":"https:\/\/secure.gravatar.com\/avatar\/72624e02bbba646b9a68bbf5313547b61d6d8bfe21acc1edbe25533a59a9c1bf?s=96&d=mm&r=g","contentUrl":"https:\/\/secure.gravatar.com\/avatar\/72624e02bbba646b9a68bbf5313547b61d6d8bfe21acc1edbe25533a59a9c1bf?s=96&d=mm&r=g","caption":"Peru Adventure Trek"},"sameAs":["http:\/\/localhost"],"url":"https:\/\/peruadventuretrek.com\/blog\/author\/richard\/"}]}},"lang":"es","translations":{"es":4849},"jetpack_featured_media_url":"https:\/\/i0.wp.com\/peruadventuretrek.com\/blog\/wp-content\/uploads\/2023\/04\/Inti-raymi-2023-Cusco-Peru.jpg?fit=1920%2C1258&ssl=1","jetpack_sharing_enabled":true,"pll_sync_post":[],"_links":{"self":[{"href":"https:\/\/peruadventuretrek.com\/blog\/wp-json\/wp\/v2\/posts\/4849","targetHints":{"allow":["GET"]}}],"collection":[{"href":"https:\/\/peruadventuretrek.com\/blog\/wp-json\/wp\/v2\/posts"}],"about":[{"href":"https:\/\/peruadventuretrek.com\/blog\/wp-json\/wp\/v2\/types\/post"}],"author":[{"embeddable":true,"href":"https:\/\/peruadventuretrek.com\/blog\/wp-json\/wp\/v2\/users\/1"}],"replies":[{"embeddable":true,"href":"https:\/\/peruadventuretrek.com\/blog\/wp-json\/wp\/v2\/comments?post=4849"}],"version-history":[{"count":6,"href":"https:\/\/peruadventuretrek.com\/blog\/wp-json\/wp\/v2\/posts\/4849\/revisions"}],"predecessor-version":[{"id":4862,"href":"https:\/\/peruadventuretrek.com\/blog\/wp-json\/wp\/v2\/posts\/4849\/revisions\/4862"}],"wp:featuredmedia":[{"embeddable":true,"href":"https:\/\/peruadventuretrek.com\/blog\/wp-json\/wp\/v2\/media\/4861"}],"wp:attachment":[{"href":"https:\/\/peruadventuretrek.com\/blog\/wp-json\/wp\/v2\/media?parent=4849"}],"wp:term":[{"taxonomy":"category","embeddable":true,"href":"https:\/\/peruadventuretrek.com\/blog\/wp-json\/wp\/v2\/categories?post=4849"},{"taxonomy":"post_tag","embeddable":true,"href":"https:\/\/peruadventuretrek.com\/blog\/wp-json\/wp\/v2\/tags?post=4849"}],"curies":[{"name":"wp","href":"https:\/\/api.w.org\/{rel}","templated":true}]}}